{"id":26101,"date":"2022-11-10T11:07:19","date_gmt":"2022-11-10T08:07:19","guid":{"rendered":"https:\/\/kerimvakfi.org\/nef-philharmonic-orchestra-sufi-music-with-symphony\/"},"modified":"2024-02-08T14:26:20","modified_gmt":"2024-02-08T11:26:20","slug":"nef-philharmonic-orchestra-sufi-music-with-symphony","status":"publish","type":"post","link":"https:\/\/kerimvakfi.org\/en\/nef-philharmonic-orchestra-sufi-music-with-symphony\/","title":{"rendered":"Nef Philharmonic Orchestra, &#8220;Sufi Music with Symphony&#8221;"},"content":{"rendered":"<div class=\"fusion-fullwidth fullwidth-box fusion-builder-row-1 fusion-flex-container hundred-percent-fullwidth non-hundred-percent-height-scrolling\" style=\"background-color: rgba(255,255,255,0);background-position: center center;background-repeat: no-repeat;border-width: 0px 0px 0px 0px;border-color:#eae9e9;border-style:solid;\" ><div class=\"fusion-builder-row fusion-row fusion-flex-align-items-flex-start\" style=\"width:104% !important;max-width:104% !important;margin-left: calc(-4% \/ 2 );margin-right: calc(-4% \/ 2 );\"><div class=\"fusion-layout-column fusion_builder_column fusion-builder-column-0 fusion_builder_column_1_1 1_1 fusion-flex-column fusion-flex-align-self-flex-start fusion-column-no-min-height\"><div class=\"fusion-column-wrapper fusion-flex-justify-content-flex-start fusion-content-layout-column\" style=\"background-position:left top;background-repeat:no-repeat;-webkit-background-size:cover;-moz-background-size:cover;-o-background-size:cover;background-size:cover;padding: 0px 0px 0px 0px;\"><div class=\"fusion-text fusion-text-1\" style=\"transform:translate3d(0,0,0);\"><div class=\"_a9zs\">\n<p><span class=\"PolarisIGCoreText _aacl _aaco _aacu _aacx _aad7 _aade\">We would be delighted to see you, our esteemed guests, at the third of the <strong>Nef Philharmonic Orchestra<\/strong> concerts, where <strong>Cem\u00e2lnur Sargut<\/strong> will make the opening speech.<\/span><\/p>\n<p>In the concert, the works of <strong>Ken&#8217;\u00e2n Rif\u00e2\u00ee<\/strong>, an Ottoman maarifist with a broad vision, who put forward a very valuable composition for the material and spiritual upbringing of the society in his time, will be performed.<\/p>\n<p>Honorary soloist:<br \/>\n<strong>Ahmet \u00d6ZHAN<\/strong><\/p>\n<p>Hey, Chief:<br \/>\n<strong>Orhan \u015eALLIEL<\/strong><\/p>\n<p>General Artistic Director:<br \/>\n<strong>Prof. Dr. Murat Salim TOKA\u00c7<\/strong><\/p>\n<p>Guest of Honor:<br \/>\n<strong>Alim QASIMOV<\/strong><\/p>\n<p>Opening Speech:<br \/>\n<strong>Cemalnur SARGUT<\/strong><\/p>\n<\/div>\n<p><strong>Date :<\/strong> Friday, November 11<br \/>\n<strong>Time :<\/strong> 20.00-21.30<\/p>\n<p><strong>Location:<\/strong> Golden Horn Congress Center, Golden Horn Hall<\/p>\n<\/div><div class=\"fusion-separator fusion-full-width-sep\" style=\"align-self: center;margin-left: auto;margin-right: auto;margin-bottom:20px;width:100%;\"><\/div><div ><span class=\" fusion-imageframe imageframe-none imageframe-1 hover-type-none\"><img width=\"1200\" height=\"1067\" title=\"WhatsApp G\u00f6rsel 2022-11-02 saat 08.37.06\" src=\"https:\/\/i2.wp.com\/kerimvakfi.org\/wp-content\/uploads\/2022\/11\/WhatsApp-Gorsel-2022-11-02-saat-08.37.06.jpg?resize=1200%2C1067&#038;ssl=1\" class=\"img-responsive wp-image-26129\" srcset=\"https:\/\/i2.wp.com\/kerimvakfi.org\/wp-content\/uploads\/2022\/11\/WhatsApp-Gorsel-2022-11-02-saat-08.37.06.jpg?resize=200%2C178&amp;ssl=1 200w, https:\/\/i2.wp.com\/kerimvakfi.org\/wp-content\/uploads\/2022\/11\/WhatsApp-Gorsel-2022-11-02-saat-08.37.06.jpg?resize=300%2C267&amp;ssl=1 300w, https:\/\/i2.wp.com\/kerimvakfi.org\/wp-content\/uploads\/2022\/11\/WhatsApp-Gorsel-2022-11-02-saat-08.37.06.jpg?resize=400%2C356&amp;ssl=1 400w, https:\/\/i2.wp.com\/kerimvakfi.org\/wp-content\/uploads\/2022\/11\/WhatsApp-Gorsel-2022-11-02-saat-08.37.06.jpg?resize=500%2C445&amp;ssl=1 500w, https:\/\/i2.wp.com\/kerimvakfi.org\/wp-content\/uploads\/2022\/11\/WhatsApp-Gorsel-2022-11-02-saat-08.37.06.jpg?resize=600%2C534&amp;ssl=1 600w, https:\/\/i2.wp.com\/kerimvakfi.org\/wp-content\/uploads\/2022\/11\/WhatsApp-Gorsel-2022-11-02-saat-08.37.06.jpg?resize=700%2C623&amp;ssl=1 700w, https:\/\/i2.wp.com\/kerimvakfi.org\/wp-content\/uploads\/2022\/11\/WhatsApp-Gorsel-2022-11-02-saat-08.37.06.jpg?resize=768%2C683&amp;ssl=1 768w, https:\/\/i2.wp.com\/kerimvakfi.org\/wp-content\/uploads\/2022\/11\/WhatsApp-Gorsel-2022-11-02-saat-08.37.06.jpg?resize=800%2C712&amp;ssl=1 800w, https:\/\/i2.wp.com\/kerimvakfi.org\/wp-content\/uploads\/2022\/11\/WhatsApp-Gorsel-2022-11-02-saat-08.37.06.jpg?resize=1030%2C916&amp;ssl=1 1030w, https:\/\/i2.wp.com\/kerimvakfi.org\/wp-content\/uploads\/2022\/11\/WhatsApp-Gorsel-2022-11-02-saat-08.37.06.jpg?resize=1200%2C1067&amp;ssl=1 1200w, https:\/\/i2.wp.com\/kerimvakfi.org\/wp-content\/uploads\/2022\/11\/WhatsApp-Gorsel-2022-11-02-saat-08.37.06.jpg?resize=1536%2C1366&amp;ssl=1 1536w, https:\/\/i2.wp.com\/kerimvakfi.org\/wp-content\/uploads\/2022\/11\/WhatsApp-Gorsel-2022-11-02-saat-08.37.06.jpg?fit=1600%2C1423&amp;ssl=1 1600w\" sizes=\"(max-width: 640px) 100vw, 1200px\" data-recalc-dims=\"1\" \/><\/span><\/div><\/div><\/div><style type=\"text\/css\">.fusion-body .fusion-builder-column-0{width:100% !important;margin-top : 0px;margin-bottom : 0px;}.fusion-builder-column-0 > .fusion-column-wrapper {padding-top : 0px !important;padding-right : 0px !important;margin-right : 1.92%;padding-bottom : 0px !important;padding-left : 0px !important;margin-left : 1.92%;}@media only screen and (max-width:1024px) {.fusion-body .fusion-builder-column-0{width:100% !important;}.fusion-builder-column-0 > .fusion-column-wrapper {margin-right : 1.92%;margin-left : 1.92%;}}@media only screen and (max-width:640px) {.fusion-body .fusion-builder-column-0{width:100% !important;}.fusion-builder-column-0 > .fusion-column-wrapper {margin-right : 1.92%;margin-left : 1.92%;}}<\/style><\/div><style type=\"text\/css\">.fusion-fullwidth.fusion-builder-row-1 { overflow:visible; }.fusion-body .fusion-flex-container.fusion-builder-row-1{ padding-top : 0px;margin-top : 0px;padding-right : 0px;padding-bottom : 0px;margin-bottom : 0px;padding-left : 0px;}<\/style><\/div>\n","protected":false},"excerpt":{"rendered":"","protected":false},"author":1,"featured_media":26105,"comment_status":"closed","ping_status":"closed","sticky":false,"template":"","format":"standard","meta":{"spay_email":""},"categories":[6],"tags":[],"yoast_head":"<!-- This site is optimized with the Yoast SEO plugin v18.3 - https:\/\/yoast.com\/wordpress\/plugins\/seo\/ -->\n<title>Nef Philharmonic Orchestra, &quot;Sufi Music with Symphony&quot; - Kerim Vakf\u0131<\/title>\n<meta name=\"robots\" content=\"index, follow, max-snippet:-1, max-image-preview:large, max-video-preview:-1\" \/>\n<link rel=\"canonical\" href=\"https:\/\/kerimvakfi.org\/en\/nef-philharmonic-orchestra-sufi-music-with-symphony\/\" \/>\n<meta property=\"og:locale\" content=\"en_US\" \/>\n<meta property=\"og:type\" content=\"article\" \/>\n<meta property=\"og:title\" content=\"Nef Philharmonic Orchestra, &quot;Sufi Music with Symphony&quot; - Kerim Vakf\u0131\" \/>\n<meta property=\"og:url\" content=\"https:\/\/kerimvakfi.org\/en\/nef-philharmonic-orchestra-sufi-music-with-symphony\/\" \/>\n<meta property=\"og:site_name\" content=\"Kerim Vakf\u0131\" \/>\n<meta property=\"article:publisher\" content=\"https:\/\/www.facebook.com\/kerimvakfi\" \/>\n<meta property=\"article:published_time\" content=\"2022-11-10T08:07:19+00:00\" \/>\n<meta property=\"article:modified_time\" content=\"2024-02-08T11:26:20+00:00\" \/>\n<meta property=\"og:image\" content=\"https:\/\/kerimvakfi.org\/wp-content\/uploads\/2022\/11\/nef-flarmoni.png\" \/>\n\t<meta property=\"og:image:width\" content=\"940\" \/>\n\t<meta property=\"og:image:height\" content=\"607\" \/>\n\t<meta property=\"og:image:type\" content=\"image\/png\" \/>\n<meta name=\"twitter:card\" content=\"summary\" \/>\n<meta name=\"twitter:creator\" content=\"@kerimvakfi\" \/>\n<meta name=\"twitter:site\" content=\"@kerimvakfi\" \/>\n<meta name=\"twitter:label1\" content=\"Written by\" \/>\n\t<meta name=\"twitter:data1\" content=\"webmaster\" \/>\n\t<meta name=\"twitter:label2\" content=\"Est. reading time\" \/>\n\t<meta name=\"twitter:data2\" content=\"2 minutes\" \/>\n<script type=\"application\/ld+json\" class=\"yoast-schema-graph\">{\"@context\":\"https:\/\/schema.org\",\"@graph\":[{\"@type\":\"WebSite\",\"@id\":\"https:\/\/kerimvakfi.org\/#website\",\"url\":\"https:\/\/kerimvakfi.org\/\",\"name\":\"Kerim Vakf\u0131\",\"description\":\"Kerim E\u011fitim K\u00fclt\u00fcr ve Sa\u011fl\u0131k Vakf\u0131\",\"potentialAction\":[{\"@type\":\"SearchAction\",\"target\":{\"@type\":\"EntryPoint\",\"urlTemplate\":\"https:\/\/kerimvakfi.org\/?s={search_term_string}\"},\"query-input\":\"required name=search_term_string\"}],\"inLanguage\":\"en-US\"},{\"@type\":\"ImageObject\",\"@id\":\"https:\/\/kerimvakfi.org\/en\/nef-philharmonic-orchestra-sufi-music-with-symphony\/#primaryimage\",\"inLanguage\":\"en-US\",\"url\":\"https:\/\/i2.wp.com\/kerimvakfi.org\/wp-content\/uploads\/2022\/11\/nef-flarmoni.png?fit=940%2C607&ssl=1\",\"contentUrl\":\"https:\/\/i2.wp.com\/kerimvakfi.org\/wp-content\/uploads\/2022\/11\/nef-flarmoni.png?fit=940%2C607&ssl=1\",\"width\":940,\"height\":607},{\"@type\":\"WebPage\",\"@id\":\"https:\/\/kerimvakfi.org\/en\/nef-philharmonic-orchestra-sufi-music-with-symphony\/#webpage\",\"url\":\"https:\/\/kerimvakfi.org\/en\/nef-philharmonic-orchestra-sufi-music-with-symphony\/\",\"name\":\"Nef Philharmonic Orchestra, \\\"Sufi Music with Symphony\\\" - Kerim Vakf\u0131\",\"isPartOf\":{\"@id\":\"https:\/\/kerimvakfi.org\/#website\"},\"primaryImageOfPage\":{\"@id\":\"https:\/\/kerimvakfi.org\/en\/nef-philharmonic-orchestra-sufi-music-with-symphony\/#primaryimage\"},\"datePublished\":\"2022-11-10T08:07:19+00:00\",\"dateModified\":\"2024-02-08T11:26:20+00:00\",\"author\":{\"@id\":\"https:\/\/kerimvakfi.org\/#\/schema\/person\/a3aaffb34ba65115b02a18bf4711f650\"},\"breadcrumb\":{\"@id\":\"https:\/\/kerimvakfi.org\/en\/nef-philharmonic-orchestra-sufi-music-with-symphony\/#breadcrumb\"},\"inLanguage\":\"en-US\",\"potentialAction\":[{\"@type\":\"ReadAction\",\"target\":[\"https:\/\/kerimvakfi.org\/en\/nef-philharmonic-orchestra-sufi-music-with-symphony\/\"]}]},{\"@type\":\"BreadcrumbList\",\"@id\":\"https:\/\/kerimvakfi.org\/en\/nef-philharmonic-orchestra-sufi-music-with-symphony\/#breadcrumb\",\"itemListElement\":[{\"@type\":\"ListItem\",\"position\":1,\"name\":\"Ana sayfa\",\"item\":\"https:\/\/kerimvakfi.org\/en\/\"},{\"@type\":\"ListItem\",\"position\":2,\"name\":\"Nef Philharmonic Orchestra, &#8220;Sufi Music with Symphony&#8221;\"}]},{\"@type\":\"Person\",\"@id\":\"https:\/\/kerimvakfi.org\/#\/schema\/person\/a3aaffb34ba65115b02a18bf4711f650\",\"name\":\"webmaster\",\"image\":{\"@type\":\"ImageObject\",\"@id\":\"https:\/\/kerimvakfi.org\/#personlogo\",\"inLanguage\":\"en-US\",\"url\":\"https:\/\/secure.gravatar.com\/avatar\/07885a8c4ffad97f4d93ff3de29a5992?s=96&d=mm&r=g\",\"contentUrl\":\"https:\/\/secure.gravatar.com\/avatar\/07885a8c4ffad97f4d93ff3de29a5992?s=96&d=mm&r=g\",\"caption\":\"webmaster\"},\"url\":\"https:\/\/kerimvakfi.org\/en\/author\/webmaster\/\"}]}<\/script>\n<!-- \/ Yoast SEO plugin. -->","yoast_head_json":{"title":"Nef Philharmonic Orchestra, \"Sufi Music with Symphony\" - Kerim Vakf\u0131","robots":{"index":"index","follow":"follow","max-snippet":"max-snippet:-1","max-image-preview":"max-image-preview:large","max-video-preview":"max-video-preview:-1"},"canonical":"https:\/\/kerimvakfi.org\/en\/nef-philharmonic-orchestra-sufi-music-with-symphony\/","og_locale":"en_US","og_type":"article","og_title":"Nef Philharmonic Orchestra, \"Sufi Music with Symphony\" - Kerim Vakf\u0131","og_url":"https:\/\/kerimvakfi.org\/en\/nef-philharmonic-orchestra-sufi-music-with-symphony\/","og_site_name":"Kerim Vakf\u0131","article_publisher":"https:\/\/www.facebook.com\/kerimvakfi","article_published_time":"2022-11-10T08:07:19+00:00","article_modified_time":"2024-02-08T11:26:20+00:00","og_image":[{"width":940,"height":607,"url":"https:\/\/kerimvakfi.org\/wp-content\/uploads\/2022\/11\/nef-flarmoni.png","type":"image\/png"}],"twitter_card":"summary","twitter_creator":"@kerimvakfi","twitter_site":"@kerimvakfi","twitter_misc":{"Written by":"webmaster","Est. reading time":"2 minutes"},"schema":{"@context":"https:\/\/schema.org","@graph":[{"@type":"WebSite","@id":"https:\/\/kerimvakfi.org\/#website","url":"https:\/\/kerimvakfi.org\/","name":"Kerim Vakf\u0131","description":"Kerim E\u011fitim K\u00fclt\u00fcr ve Sa\u011fl\u0131k Vakf\u0131","potentialAction":[{"@type":"SearchAction","target":{"@type":"EntryPoint","urlTemplate":"https:\/\/kerimvakfi.org\/?s={search_term_string}"},"query-input":"required name=search_term_string"}],"inLanguage":"en-US"},{"@type":"ImageObject","@id":"https:\/\/kerimvakfi.org\/en\/nef-philharmonic-orchestra-sufi-music-with-symphony\/#primaryimage","inLanguage":"en-US","url":"https:\/\/i2.wp.com\/kerimvakfi.org\/wp-content\/uploads\/2022\/11\/nef-flarmoni.png?fit=940%2C607&ssl=1","contentUrl":"https:\/\/i2.wp.com\/kerimvakfi.org\/wp-content\/uploads\/2022\/11\/nef-flarmoni.png?fit=940%2C607&ssl=1","width":940,"height":607},{"@type":"WebPage","@id":"https:\/\/kerimvakfi.org\/en\/nef-philharmonic-orchestra-sufi-music-with-symphony\/#webpage","url":"https:\/\/kerimvakfi.org\/en\/nef-philharmonic-orchestra-sufi-music-with-symphony\/","name":"Nef Philharmonic Orchestra, \"Sufi Music with Symphony\" - Kerim Vakf\u0131","isPartOf":{"@id":"https:\/\/kerimvakfi.org\/#website"},"primaryImageOfPage":{"@id":"https:\/\/kerimvakfi.org\/en\/nef-philharmonic-orchestra-sufi-music-with-symphony\/#primaryimage"},"datePublished":"2022-11-10T08:07:19+00:00","dateModified":"2024-02-08T11:26:20+00:00","author":{"@id":"https:\/\/kerimvakfi.org\/#\/schema\/person\/a3aaffb34ba65115b02a18bf4711f650"},"breadcrumb":{"@id":"https:\/\/kerimvakfi.org\/en\/nef-philharmonic-orchestra-sufi-music-with-symphony\/#breadcrumb"},"inLanguage":"en-US","potentialAction":[{"@type":"ReadAction","target":["https:\/\/kerimvakfi.org\/en\/nef-philharmonic-orchestra-sufi-music-with-symphony\/"]}]},{"@type":"BreadcrumbList","@id":"https:\/\/kerimvakfi.org\/en\/nef-philharmonic-orchestra-sufi-music-with-symphony\/#breadcrumb","itemListElement":[{"@type":"ListItem","position":1,"name":"Ana sayfa","item":"https:\/\/kerimvakfi.org\/en\/"},{"@type":"ListItem","position":2,"name":"Nef Philharmonic Orchestra, &#8220;Sufi Music with Symphony&#8221;"}]},{"@type":"Person","@id":"https:\/\/kerimvakfi.org\/#\/schema\/person\/a3aaffb34ba65115b02a18bf4711f650","name":"webmaster","image":{"@type":"ImageObject","@id":"https:\/\/kerimvakfi.org\/#personlogo","inLanguage":"en-US","url":"https:\/\/secure.gravatar.com\/avatar\/07885a8c4ffad97f4d93ff3de29a5992?s=96&d=mm&r=g","contentUrl":"https:\/\/secure.gravatar.com\/avatar\/07885a8c4ffad97f4d93ff3de29a5992?s=96&d=mm&r=g","caption":"webmaster"},"url":"https:\/\/kerimvakfi.org\/en\/author\/webmaster\/"}]}},"jetpack_featured_media_url":"https:\/\/i2.wp.com\/kerimvakfi.org\/wp-content\/uploads\/2022\/11\/nef-flarmoni.png?fit=940%2C607&ssl=1","_links":{"self":[{"href":"https:\/\/kerimvakfi.org\/en\/wp-json\/wp\/v2\/posts\/26101"}],"collection":[{"href":"https:\/\/kerimvakfi.org\/en\/wp-json\/wp\/v2\/posts"}],"about":[{"href":"https:\/\/kerimvakfi.org\/en\/wp-json\/wp\/v2\/types\/post"}],"author":[{"embeddable":true,"href":"https:\/\/kerimvakfi.org\/en\/wp-json\/wp\/v2\/users\/1"}],"replies":[{"embeddable":true,"href":"https:\/\/kerimvakfi.org\/en\/wp-json\/wp\/v2\/comments?post=26101"}],"version-history":[{"count":11,"href":"https:\/\/kerimvakfi.org\/en\/wp-json\/wp\/v2\/posts\/26101\/revisions"}],"predecessor-version":[{"id":26194,"href":"https:\/\/kerimvakfi.org\/en\/wp-json\/wp\/v2\/posts\/26101\/revisions\/26194"}],"wp:featuredmedia":[{"embeddable":true,"href":"https:\/\/kerimvakfi.org\/en\/wp-json\/wp\/v2\/media\/26105"}],"wp:attachment":[{"href":"https:\/\/kerimvakfi.org\/en\/wp-json\/wp\/v2\/media?parent=26101"}],"wp:term":[{"taxonomy":"category","embeddable":true,"href":"https:\/\/kerimvakfi.org\/en\/wp-json\/wp\/v2\/categories?post=26101"},{"taxonomy":"post_tag","embeddable":true,"href":"https:\/\/kerimvakfi.org\/en\/wp-json\/wp\/v2\/tags?post=26101"}],"curies":[{"name":"wp","href":"https:\/\/api.w.org\/{rel}","templated":true}]}}