{"id":26136,"date":"2019-01-02T11:37:13","date_gmt":"2019-01-02T08:37:13","guid":{"rendered":"https:\/\/kerimvakfi.org\/nef-philharmonic-orchestra-hymns-with-symphony\/"},"modified":"2024-02-08T14:26:19","modified_gmt":"2024-02-08T11:26:19","slug":"nef-philharmonic-orchestra-hymns-with-symphony","status":"publish","type":"post","link":"https:\/\/kerimvakfi.org\/en\/nef-philharmonic-orchestra-hymns-with-symphony\/","title":{"rendered":"Nef Philharmonic Orchestra, &#8220;Hymns with Symphony&#8221;"},"content":{"rendered":"<div class=\"fusion-fullwidth fullwidth-box fusion-builder-row-1 fusion-flex-container hundred-percent-fullwidth non-hundred-percent-height-scrolling\" style=\"background-color: rgba(255,255,255,0);background-position: center center;background-repeat: no-repeat;border-width: 0px 0px 0px 0px;border-color:#eae9e9;border-style:solid;\" ><div class=\"fusion-builder-row fusion-row fusion-flex-align-items-flex-start\" style=\"width:calc( 100% + 0px ) !important;max-width:calc( 100% + 0px ) !important;margin-left: calc(-0px \/ 2 );margin-right: calc(-0px \/ 2 );\"><div class=\"fusion-layout-column fusion_builder_column fusion-builder-column-0 fusion_builder_column_1_1 1_1 fusion-flex-column fusion-flex-align-self-flex-start fusion-column-no-min-height\"><div class=\"fusion-column-wrapper fusion-flex-justify-content-flex-start fusion-content-layout-column\" style=\"background-position:left top;background-repeat:no-repeat;-webkit-background-size:cover;-moz-background-size:cover;-o-background-size:cover;background-size:cover;padding: 0px 0px 0px 0px;\"><div class=\"fusion-text fusion-text-1\" style=\"transform:translate3d(0,0,0);\"><p><strong>Nef Philharmonic<\/strong> Orchestra will present a first with &#8220;<strong>Hymns with Symphony<\/strong>&#8220;, which will interpret the compositions and lyrics of His Holiness <strong>Kenan Rifai<\/strong>.<\/p>\n<p>We are delighted to announce a new initiative by the founders of Nef Foundation, one of Kerim Foundation&#8217;s project partners.<\/p>\n<p>Nef Philharmonic Orchestra has been established and they will start their first concert with a repertoire of compositions and lyrics of Kenan Rifai Hz.<\/p>\n<p>The concert will start at 20.00 on Thursday, January 10, 2019 at Cemal Re\u015fit Rey Concert Hall and is free and open to the public.<\/p>\n<p><strong>Date :<\/strong> Thursday, January 10, 2019<br \/>\n<strong>Time :<\/strong> 20.00-21.30<\/p>\n<p><strong>Location:<\/strong> Cemal Resit Rey Concert Hall<\/p>\n<\/div><div class=\"fusion-separator fusion-full-width-sep\" style=\"align-self: center;margin-left: auto;margin-right: auto;margin-bottom:20px;width:100%;\"><\/div><div ><span class=\" fusion-imageframe imageframe-none imageframe-1 hover-type-none\"><img width=\"900\" height=\"1600\" title=\"nef-sm-2\" src=\"https:\/\/i1.wp.com\/kerimvakfi.org\/wp-content\/uploads\/2019\/01\/nef-sm-2.jpeg?resize=900%2C1600&#038;ssl=1\" class=\"img-responsive wp-image-21827\" srcset=\"https:\/\/i1.wp.com\/kerimvakfi.org\/wp-content\/uploads\/2019\/01\/nef-sm-2.jpeg?resize=120%2C213&amp;ssl=1 120w, https:\/\/i1.wp.com\/kerimvakfi.org\/wp-content\/uploads\/2019\/01\/nef-sm-2.jpeg?resize=169%2C300&amp;ssl=1 169w, https:\/\/i1.wp.com\/kerimvakfi.org\/wp-content\/uploads\/2019\/01\/nef-sm-2.jpeg?resize=200%2C356&amp;ssl=1 200w, https:\/\/i1.wp.com\/kerimvakfi.org\/wp-content\/uploads\/2019\/01\/nef-sm-2.jpeg?resize=400%2C711&amp;ssl=1 400w, https:\/\/i1.wp.com\/kerimvakfi.org\/wp-content\/uploads\/2019\/01\/nef-sm-2.jpeg?resize=500%2C889&amp;ssl=1 500w, https:\/\/i1.wp.com\/kerimvakfi.org\/wp-content\/uploads\/2019\/01\/nef-sm-2.jpeg?resize=579%2C1030&amp;ssl=1 579w, https:\/\/i1.wp.com\/kerimvakfi.org\/wp-content\/uploads\/2019\/01\/nef-sm-2.jpeg?resize=600%2C1067&amp;ssl=1 600w, https:\/\/i1.wp.com\/kerimvakfi.org\/wp-content\/uploads\/2019\/01\/nef-sm-2.jpeg?resize=768%2C1365&amp;ssl=1 768w, https:\/\/i1.wp.com\/kerimvakfi.org\/wp-content\/uploads\/2019\/01\/nef-sm-2.jpeg?resize=800%2C1422&amp;ssl=1 800w, https:\/\/i1.wp.com\/kerimvakfi.org\/wp-content\/uploads\/2019\/01\/nef-sm-2.jpeg?fit=900%2C1600&amp;ssl=1 900w\" sizes=\"(max-width: 640px) 100vw, 900px\" data-recalc-dims=\"1\" \/><\/span><\/div><\/div><\/div><style type=\"text\/css\">.fusion-body .fusion-builder-column-0{width:100% !important;margin-top : 0px;margin-bottom : 0px;}.fusion-builder-column-0 > .fusion-column-wrapper {padding-top : 0px !important;padding-right : 0px !important;margin-right : 0px;padding-bottom : 0px !important;padding-left : 0px !important;margin-left : 0px;}@media only screen and (max-width:1024px) {.fusion-body .fusion-builder-column-0{width:100% !important;}.fusion-builder-column-0 > .fusion-column-wrapper {margin-right : 0px;margin-left : 0px;}}@media only screen and (max-width:640px) {.fusion-body .fusion-builder-column-0{width:100% !important;}.fusion-builder-column-0 > .fusion-column-wrapper {margin-right : 0px;margin-left : 0px;}}<\/style><\/div><style type=\"text\/css\">.fusion-fullwidth.fusion-builder-row-1 { overflow:visible; }.fusion-body .fusion-flex-container.fusion-builder-row-1{ padding-top : 0px;margin-top : 0px;padding-right : 0px;padding-bottom : 0px;margin-bottom : 0px;padding-left : 0px;}<\/style><\/div>\n","protected":false},"excerpt":{"rendered":"","protected":false},"author":1,"featured_media":21841,"comment_status":"closed","ping_status":"closed","sticky":false,"template":"","format":"standard","meta":{"spay_email":""},"categories":[6],"tags":[],"yoast_head":"<!-- This site is optimized with the Yoast SEO plugin v18.3 - https:\/\/yoast.com\/wordpress\/plugins\/seo\/ -->\n<title>Nef Philharmonic Orchestra, &quot;Hymns with Symphony&quot; - Kerim Vakf\u0131<\/title>\n<meta name=\"robots\" content=\"index, follow, max-snippet:-1, max-image-preview:large, max-video-preview:-1\" \/>\n<link rel=\"canonical\" href=\"https:\/\/kerimvakfi.org\/en\/nef-philharmonic-orchestra-hymns-with-symphony\/\" \/>\n<meta property=\"og:locale\" content=\"en_US\" \/>\n<meta property=\"og:type\" content=\"article\" \/>\n<meta property=\"og:title\" content=\"Nef Philharmonic Orchestra, &quot;Hymns with Symphony&quot; - Kerim Vakf\u0131\" \/>\n<meta property=\"og:url\" content=\"https:\/\/kerimvakfi.org\/en\/nef-philharmonic-orchestra-hymns-with-symphony\/\" \/>\n<meta property=\"og:site_name\" content=\"Kerim Vakf\u0131\" \/>\n<meta property=\"article:publisher\" content=\"https:\/\/www.facebook.com\/kerimvakfi\" \/>\n<meta property=\"article:published_time\" content=\"2019-01-02T08:37:13+00:00\" \/>\n<meta property=\"article:modified_time\" content=\"2024-02-08T11:26:19+00:00\" \/>\n<meta property=\"og:image\" content=\"https:\/\/kerimvakfi.org\/wp-content\/uploads\/2019\/01\/nef-flarmoni.png\" \/>\n\t<meta property=\"og:image:width\" content=\"940\" \/>\n\t<meta property=\"og:image:height\" content=\"607\" \/>\n\t<meta property=\"og:image:type\" content=\"image\/png\" \/>\n<meta name=\"twitter:card\" content=\"summary\" \/>\n<meta name=\"twitter:creator\" content=\"@kerimvakfi\" \/>\n<meta name=\"twitter:site\" content=\"@kerimvakfi\" \/>\n<meta name=\"twitter:label1\" content=\"Written by\" \/>\n\t<meta name=\"twitter:data1\" content=\"webmaster\" \/>\n\t<meta name=\"twitter:label2\" content=\"Est. reading time\" \/>\n\t<meta name=\"twitter:data2\" content=\"1 minute\" \/>\n<script type=\"application\/ld+json\" class=\"yoast-schema-graph\">{\"@context\":\"https:\/\/schema.org\",\"@graph\":[{\"@type\":\"WebSite\",\"@id\":\"https:\/\/kerimvakfi.org\/#website\",\"url\":\"https:\/\/kerimvakfi.org\/\",\"name\":\"Kerim Vakf\u0131\",\"description\":\"Kerim E\u011fitim K\u00fclt\u00fcr ve Sa\u011fl\u0131k Vakf\u0131\",\"potentialAction\":[{\"@type\":\"SearchAction\",\"target\":{\"@type\":\"EntryPoint\",\"urlTemplate\":\"https:\/\/kerimvakfi.org\/?s={search_term_string}\"},\"query-input\":\"required name=search_term_string\"}],\"inLanguage\":\"en-US\"},{\"@type\":\"ImageObject\",\"@id\":\"https:\/\/kerimvakfi.org\/en\/nef-philharmonic-orchestra-hymns-with-symphony\/#primaryimage\",\"inLanguage\":\"en-US\",\"url\":\"https:\/\/i0.wp.com\/kerimvakfi.org\/wp-content\/uploads\/2019\/01\/nef-flarmoni.png?fit=940%2C607&ssl=1\",\"contentUrl\":\"https:\/\/i0.wp.com\/kerimvakfi.org\/wp-content\/uploads\/2019\/01\/nef-flarmoni.png?fit=940%2C607&ssl=1\",\"width\":940,\"height\":607},{\"@type\":\"WebPage\",\"@id\":\"https:\/\/kerimvakfi.org\/en\/nef-philharmonic-orchestra-hymns-with-symphony\/#webpage\",\"url\":\"https:\/\/kerimvakfi.org\/en\/nef-philharmonic-orchestra-hymns-with-symphony\/\",\"name\":\"Nef Philharmonic Orchestra, \\\"Hymns with Symphony\\\" - Kerim Vakf\u0131\",\"isPartOf\":{\"@id\":\"https:\/\/kerimvakfi.org\/#website\"},\"primaryImageOfPage\":{\"@id\":\"https:\/\/kerimvakfi.org\/en\/nef-philharmonic-orchestra-hymns-with-symphony\/#primaryimage\"},\"datePublished\":\"2019-01-02T08:37:13+00:00\",\"dateModified\":\"2024-02-08T11:26:19+00:00\",\"author\":{\"@id\":\"https:\/\/kerimvakfi.org\/#\/schema\/person\/a3aaffb34ba65115b02a18bf4711f650\"},\"breadcrumb\":{\"@id\":\"https:\/\/kerimvakfi.org\/en\/nef-philharmonic-orchestra-hymns-with-symphony\/#breadcrumb\"},\"inLanguage\":\"en-US\",\"potentialAction\":[{\"@type\":\"ReadAction\",\"target\":[\"https:\/\/kerimvakfi.org\/en\/nef-philharmonic-orchestra-hymns-with-symphony\/\"]}]},{\"@type\":\"BreadcrumbList\",\"@id\":\"https:\/\/kerimvakfi.org\/en\/nef-philharmonic-orchestra-hymns-with-symphony\/#breadcrumb\",\"itemListElement\":[{\"@type\":\"ListItem\",\"position\":1,\"name\":\"Ana sayfa\",\"item\":\"https:\/\/kerimvakfi.org\/en\/\"},{\"@type\":\"ListItem\",\"position\":2,\"name\":\"Nef Philharmonic Orchestra, &#8220;Hymns with Symphony&#8221;\"}]},{\"@type\":\"Person\",\"@id\":\"https:\/\/kerimvakfi.org\/#\/schema\/person\/a3aaffb34ba65115b02a18bf4711f650\",\"name\":\"webmaster\",\"image\":{\"@type\":\"ImageObject\",\"@id\":\"https:\/\/kerimvakfi.org\/#personlogo\",\"inLanguage\":\"en-US\",\"url\":\"https:\/\/secure.gravatar.com\/avatar\/07885a8c4ffad97f4d93ff3de29a5992?s=96&d=mm&r=g\",\"contentUrl\":\"https:\/\/secure.gravatar.com\/avatar\/07885a8c4ffad97f4d93ff3de29a5992?s=96&d=mm&r=g\",\"caption\":\"webmaster\"},\"url\":\"https:\/\/kerimvakfi.org\/en\/author\/webmaster\/\"}]}<\/script>\n<!-- \/ Yoast SEO plugin. -->","yoast_head_json":{"title":"Nef Philharmonic Orchestra, \"Hymns with Symphony\" - Kerim Vakf\u0131","robots":{"index":"index","follow":"follow","max-snippet":"max-snippet:-1","max-image-preview":"max-image-preview:large","max-video-preview":"max-video-preview:-1"},"canonical":"https:\/\/kerimvakfi.org\/en\/nef-philharmonic-orchestra-hymns-with-symphony\/","og_locale":"en_US","og_type":"article","og_title":"Nef Philharmonic Orchestra, \"Hymns with Symphony\" - Kerim Vakf\u0131","og_url":"https:\/\/kerimvakfi.org\/en\/nef-philharmonic-orchestra-hymns-with-symphony\/","og_site_name":"Kerim Vakf\u0131","article_publisher":"https:\/\/www.facebook.com\/kerimvakfi","article_published_time":"2019-01-02T08:37:13+00:00","article_modified_time":"2024-02-08T11:26:19+00:00","og_image":[{"width":940,"height":607,"url":"https:\/\/kerimvakfi.org\/wp-content\/uploads\/2019\/01\/nef-flarmoni.png","type":"image\/png"}],"twitter_card":"summary","twitter_creator":"@kerimvakfi","twitter_site":"@kerimvakfi","twitter_misc":{"Written by":"webmaster","Est. reading time":"1 minute"},"schema":{"@context":"https:\/\/schema.org","@graph":[{"@type":"WebSite","@id":"https:\/\/kerimvakfi.org\/#website","url":"https:\/\/kerimvakfi.org\/","name":"Kerim Vakf\u0131","description":"Kerim E\u011fitim K\u00fclt\u00fcr ve Sa\u011fl\u0131k Vakf\u0131","potentialAction":[{"@type":"SearchAction","target":{"@type":"EntryPoint","urlTemplate":"https:\/\/kerimvakfi.org\/?s={search_term_string}"},"query-input":"required name=search_term_string"}],"inLanguage":"en-US"},{"@type":"ImageObject","@id":"https:\/\/kerimvakfi.org\/en\/nef-philharmonic-orchestra-hymns-with-symphony\/#primaryimage","inLanguage":"en-US","url":"https:\/\/i0.wp.com\/kerimvakfi.org\/wp-content\/uploads\/2019\/01\/nef-flarmoni.png?fit=940%2C607&ssl=1","contentUrl":"https:\/\/i0.wp.com\/kerimvakfi.org\/wp-content\/uploads\/2019\/01\/nef-flarmoni.png?fit=940%2C607&ssl=1","width":940,"height":607},{"@type":"WebPage","@id":"https:\/\/kerimvakfi.org\/en\/nef-philharmonic-orchestra-hymns-with-symphony\/#webpage","url":"https:\/\/kerimvakfi.org\/en\/nef-philharmonic-orchestra-hymns-with-symphony\/","name":"Nef Philharmonic Orchestra, \"Hymns with Symphony\" - Kerim Vakf\u0131","isPartOf":{"@id":"https:\/\/kerimvakfi.org\/#website"},"primaryImageOfPage":{"@id":"https:\/\/kerimvakfi.org\/en\/nef-philharmonic-orchestra-hymns-with-symphony\/#primaryimage"},"datePublished":"2019-01-02T08:37:13+00:00","dateModified":"2024-02-08T11:26:19+00:00","author":{"@id":"https:\/\/kerimvakfi.org\/#\/schema\/person\/a3aaffb34ba65115b02a18bf4711f650"},"breadcrumb":{"@id":"https:\/\/kerimvakfi.org\/en\/nef-philharmonic-orchestra-hymns-with-symphony\/#breadcrumb"},"inLanguage":"en-US","potentialAction":[{"@type":"ReadAction","target":["https:\/\/kerimvakfi.org\/en\/nef-philharmonic-orchestra-hymns-with-symphony\/"]}]},{"@type":"BreadcrumbList","@id":"https:\/\/kerimvakfi.org\/en\/nef-philharmonic-orchestra-hymns-with-symphony\/#breadcrumb","itemListElement":[{"@type":"ListItem","position":1,"name":"Ana sayfa","item":"https:\/\/kerimvakfi.org\/en\/"},{"@type":"ListItem","position":2,"name":"Nef Philharmonic Orchestra, &#8220;Hymns with Symphony&#8221;"}]},{"@type":"Person","@id":"https:\/\/kerimvakfi.org\/#\/schema\/person\/a3aaffb34ba65115b02a18bf4711f650","name":"webmaster","image":{"@type":"ImageObject","@id":"https:\/\/kerimvakfi.org\/#personlogo","inLanguage":"en-US","url":"https:\/\/secure.gravatar.com\/avatar\/07885a8c4ffad97f4d93ff3de29a5992?s=96&d=mm&r=g","contentUrl":"https:\/\/secure.gravatar.com\/avatar\/07885a8c4ffad97f4d93ff3de29a5992?s=96&d=mm&r=g","caption":"webmaster"},"url":"https:\/\/kerimvakfi.org\/en\/author\/webmaster\/"}]}},"jetpack_featured_media_url":"https:\/\/i0.wp.com\/kerimvakfi.org\/wp-content\/uploads\/2019\/01\/nef-flarmoni.png?fit=940%2C607&ssl=1","_links":{"self":[{"href":"https:\/\/kerimvakfi.org\/en\/wp-json\/wp\/v2\/posts\/26136"}],"collection":[{"href":"https:\/\/kerimvakfi.org\/en\/wp-json\/wp\/v2\/posts"}],"about":[{"href":"https:\/\/kerimvakfi.org\/en\/wp-json\/wp\/v2\/types\/post"}],"author":[{"embeddable":true,"href":"https:\/\/kerimvakfi.org\/en\/wp-json\/wp\/v2\/users\/1"}],"replies":[{"embeddable":true,"href":"https:\/\/kerimvakfi.org\/en\/wp-json\/wp\/v2\/comments?post=26136"}],"version-history":[{"count":1,"href":"https:\/\/kerimvakfi.org\/en\/wp-json\/wp\/v2\/posts\/26136\/revisions"}],"predecessor-version":[{"id":26148,"href":"https:\/\/kerimvakfi.org\/en\/wp-json\/wp\/v2\/posts\/26136\/revisions\/26148"}],"wp:featuredmedia":[{"embeddable":true,"href":"https:\/\/kerimvakfi.org\/en\/wp-json\/wp\/v2\/media\/21841"}],"wp:attachment":[{"href":"https:\/\/kerimvakfi.org\/en\/wp-json\/wp\/v2\/media?parent=26136"}],"wp:term":[{"taxonomy":"category","embeddable":true,"href":"https:\/\/kerimvakfi.org\/en\/wp-json\/wp\/v2\/categories?post=26136"},{"taxonomy":"post_tag","embeddable":true,"href":"https:\/\/kerimvakfi.org\/en\/wp-json\/wp\/v2\/tags?post=26136"}],"curies":[{"name":"wp","href":"https:\/\/api.w.org\/{rel}","templated":true}]}}