{"id":26168,"date":"2018-12-05T09:08:03","date_gmt":"2018-12-05T06:08:03","guid":{"rendered":"https:\/\/kerimvakfi.org\/sufi-culture-and-music-talks-2\/"},"modified":"2024-02-08T14:25:51","modified_gmt":"2024-02-08T11:25:51","slug":"sufi-culture-and-music-talks-2","status":"publish","type":"post","link":"https:\/\/kerimvakfi.org\/en\/sufi-culture-and-music-talks-2\/","title":{"rendered":"Sufi Culture and Music Talks-2"},"content":{"rendered":"<div class=\"fusion-fullwidth fullwidth-box fusion-builder-row-1 fusion-flex-container hundred-percent-fullwidth non-hundred-percent-height-scrolling\" style=\"background-color: rgba(255,255,255,0);background-position: center center;background-repeat: no-repeat;border-width: 0px 0px 0px 0px;border-color:#eae9e9;border-style:solid;\" ><div class=\"fusion-builder-row fusion-row fusion-flex-align-items-flex-start\" style=\"width:104% !important;max-width:104% !important;margin-left: calc(-4% \/ 2 );margin-right: calc(-4% \/ 2 );\"><div class=\"fusion-layout-column fusion_builder_column fusion-builder-column-0 fusion_builder_column_1_1 1_1 fusion-flex-column fusion-flex-align-self-flex-start fusion-column-no-min-height\"><div class=\"fusion-column-wrapper fusion-flex-justify-content-flex-start fusion-content-layout-column\" style=\"background-position:left top;background-repeat:no-repeat;-webkit-background-size:cover;-moz-background-size:cover;-o-background-size:cover;background-size:cover;padding: 0px 0px 0px 0px;\"><div class=\"fusion-text fusion-text-1\" style=\"transform:translate3d(0,0,0);\"><p>\u00dcsk\u00fcdar University Institute of Sufi Studies will organize Sufi Culture and Music Talks in 2018-2019 Fall Term with the contributions of Kerim Foundation. The program titled &#8220;Journey to the Goal of Man: Seyr \u00fc S\u00fcl\u00fbk&#8221;, which will be carried out by Ahmet \u00d6zhan, a very valuable artist and teacher, Lecturer at the Institute of Sufi Studies, will be held by Dr. Lecturer. It will be moderated by Prof. Muhammed Bedirhan.<\/p>\n<p>The program will be open to the public and we would be happy to welcome you.<\/p>\n<p><strong>Date :<\/strong> Sunday, December 2, 2018<br \/>\n<strong>Time : <\/strong>13.00 &#8211; 15.00<br \/>\n<strong>Location :<\/strong> \u00dcsk\u00fcdar University Central Campus A-Block, Nermin Tarhan Conference Hall<\/p>\n<p>Detailed information: <a href=\"http:\/\/tasavvuf.uskudar.edu.tr\/tr\/duyuru\/229\/tasavvuf-kulturu-ve-musikisi-soylesileri-2\" target=\"_blank\" rel=\"noopener\">http:\/\/tasavvuf.uskudar.edu.tr\/tr\/duyuru\/229\/tasavvuf-kulturu-ve-musikisi-soylesileri-2<\/a><\/p>\n<\/div><div class=\"fusion-separator fusion-full-width-sep\" style=\"align-self: center;margin-left: auto;margin-right: auto;margin-top:20px;margin-bottom:20px;width:100%;\"><\/div><\/div><\/div><style type=\"text\/css\">.fusion-body .fusion-builder-column-0{width:100% !important;margin-top : 0px;margin-bottom : 0px;}.fusion-builder-column-0 > .fusion-column-wrapper {padding-top : 0px !important;padding-right : 0px !important;margin-right : 1.92%;padding-bottom : 0px !important;padding-left : 0px !important;margin-left : 1.92%;}@media only screen and (max-width:1024px) {.fusion-body .fusion-builder-column-0{width:100% !important;}.fusion-builder-column-0 > .fusion-column-wrapper {margin-right : 1.92%;margin-left : 1.92%;}}@media only screen and (max-width:640px) {.fusion-body .fusion-builder-column-0{width:100% !important;}.fusion-builder-column-0 > .fusion-column-wrapper {margin-right : 1.92%;margin-left : 1.92%;}}<\/style><div class=\"fusion-layout-column fusion_builder_column fusion-builder-column-1 fusion_builder_column_1_1 1_1 fusion-flex-column fusion-flex-align-self-flex-start fusion-column-no-min-height\"><div class=\"fusion-column-wrapper fusion-flex-justify-content-flex-start fusion-content-layout-column\" style=\"background-position:left top;background-repeat:no-repeat;-webkit-background-size:cover;-moz-background-size:cover;-o-background-size:cover;background-size:cover;padding: 0px 0px 0px 0px;\"><div class=\"fusion-video fusion-youtube\" style=\"max-width:600px;max-height:360px;\"><div class=\"video-shortcode\"><iframe title=\"YouTube video player\" src=\"https:\/\/www.youtube.com\/embed\/q8Dzp3tjoaM?wmode=transparent&autoplay=0\" width=\"600\" height=\"360\" allowfullscreen allow=\"autoplay; fullscreen\"><\/iframe><\/div><\/div><\/div><\/div><style type=\"text\/css\">.fusion-body .fusion-builder-column-1{width:100% !important;margin-top : 0px;margin-bottom : 0px;}.fusion-builder-column-1 > .fusion-column-wrapper {padding-top : 0px !important;padding-right : 0px !important;margin-right : 1.92%;padding-bottom : 0px !important;padding-left : 0px !important;margin-left : 1.92%;}@media only screen and (max-width:1024px) {.fusion-body .fusion-builder-column-1{width:100% !important;}.fusion-builder-column-1 > .fusion-column-wrapper {margin-right : 1.92%;margin-left : 1.92%;}}@media only screen and (max-width:640px) {.fusion-body .fusion-builder-column-1{width:100% !important;}.fusion-builder-column-1 > .fusion-column-wrapper {margin-right : 1.92%;margin-left : 1.92%;}}<\/style><\/div><style type=\"text\/css\">.fusion-fullwidth.fusion-builder-row-1 { overflow:visible; }.fusion-body .fusion-flex-container.fusion-builder-row-1{ padding-top : 0px;margin-top : 0px;padding-right : 0px;padding-bottom : 0px;margin-bottom : 0px;padding-left : 0px;}<\/style><\/div>\n","protected":false},"excerpt":{"rendered":"","protected":false},"author":1,"featured_media":26177,"comment_status":"closed","ping_status":"closed","sticky":false,"template":"","format":"standard","meta":{"spay_email":""},"categories":[6],"tags":[],"yoast_head":"<!-- This site is optimized with the Yoast SEO plugin v18.3 - https:\/\/yoast.com\/wordpress\/plugins\/seo\/ -->\n<title>Sufi Culture and Music Talks-2 - Kerim Vakf\u0131<\/title>\n<meta name=\"robots\" content=\"index, follow, max-snippet:-1, max-image-preview:large, max-video-preview:-1\" \/>\n<link rel=\"canonical\" href=\"https:\/\/kerimvakfi.org\/en\/sufi-culture-and-music-talks-2\/\" \/>\n<meta property=\"og:locale\" content=\"en_US\" \/>\n<meta property=\"og:type\" content=\"article\" \/>\n<meta property=\"og:title\" content=\"Sufi Culture and Music Talks-2 - Kerim Vakf\u0131\" \/>\n<meta property=\"og:url\" content=\"https:\/\/kerimvakfi.org\/en\/sufi-culture-and-music-talks-2\/\" \/>\n<meta property=\"og:site_name\" content=\"Kerim Vakf\u0131\" \/>\n<meta property=\"article:publisher\" content=\"https:\/\/www.facebook.com\/kerimvakfi\" \/>\n<meta property=\"article:published_time\" content=\"2018-12-05T06:08:03+00:00\" \/>\n<meta property=\"article:modified_time\" content=\"2024-02-08T11:25:51+00:00\" \/>\n<meta property=\"og:image\" content=\"https:\/\/kerimvakfi.org\/wp-content\/uploads\/2018\/12\/940x607_tasens_web_banner_Ahmet-Ozhan_72dpi.jpg\" \/>\n\t<meta property=\"og:image:width\" content=\"940\" \/>\n\t<meta property=\"og:image:height\" content=\"607\" \/>\n\t<meta property=\"og:image:type\" content=\"image\/jpeg\" \/>\n<meta name=\"twitter:card\" content=\"summary\" \/>\n<meta name=\"twitter:creator\" content=\"@kerimvakfi\" \/>\n<meta name=\"twitter:site\" content=\"@kerimvakfi\" \/>\n<meta name=\"twitter:label1\" content=\"Written by\" \/>\n\t<meta name=\"twitter:data1\" content=\"webmaster\" \/>\n\t<meta name=\"twitter:label2\" content=\"Est. reading time\" \/>\n\t<meta name=\"twitter:data2\" content=\"2 minutes\" \/>\n<script type=\"application\/ld+json\" class=\"yoast-schema-graph\">{\"@context\":\"https:\/\/schema.org\",\"@graph\":[{\"@type\":\"WebSite\",\"@id\":\"https:\/\/kerimvakfi.org\/#website\",\"url\":\"https:\/\/kerimvakfi.org\/\",\"name\":\"Kerim Vakf\u0131\",\"description\":\"Kerim E\u011fitim K\u00fclt\u00fcr ve Sa\u011fl\u0131k Vakf\u0131\",\"potentialAction\":[{\"@type\":\"SearchAction\",\"target\":{\"@type\":\"EntryPoint\",\"urlTemplate\":\"https:\/\/kerimvakfi.org\/?s={search_term_string}\"},\"query-input\":\"required name=search_term_string\"}],\"inLanguage\":\"en-US\"},{\"@type\":\"ImageObject\",\"@id\":\"https:\/\/kerimvakfi.org\/en\/sufi-culture-and-music-talks-2\/#primaryimage\",\"inLanguage\":\"en-US\",\"url\":\"https:\/\/i2.wp.com\/kerimvakfi.org\/wp-content\/uploads\/2018\/12\/940x607_tasens_web_banner_Ahmet-Ozhan_72dpi.jpg?fit=940%2C607&ssl=1\",\"contentUrl\":\"https:\/\/i2.wp.com\/kerimvakfi.org\/wp-content\/uploads\/2018\/12\/940x607_tasens_web_banner_Ahmet-Ozhan_72dpi.jpg?fit=940%2C607&ssl=1\",\"width\":940,\"height\":607},{\"@type\":\"WebPage\",\"@id\":\"https:\/\/kerimvakfi.org\/en\/sufi-culture-and-music-talks-2\/#webpage\",\"url\":\"https:\/\/kerimvakfi.org\/en\/sufi-culture-and-music-talks-2\/\",\"name\":\"Sufi Culture and Music Talks-2 - Kerim Vakf\u0131\",\"isPartOf\":{\"@id\":\"https:\/\/kerimvakfi.org\/#website\"},\"primaryImageOfPage\":{\"@id\":\"https:\/\/kerimvakfi.org\/en\/sufi-culture-and-music-talks-2\/#primaryimage\"},\"datePublished\":\"2018-12-05T06:08:03+00:00\",\"dateModified\":\"2024-02-08T11:25:51+00:00\",\"author\":{\"@id\":\"https:\/\/kerimvakfi.org\/#\/schema\/person\/a3aaffb34ba65115b02a18bf4711f650\"},\"breadcrumb\":{\"@id\":\"https:\/\/kerimvakfi.org\/en\/sufi-culture-and-music-talks-2\/#breadcrumb\"},\"inLanguage\":\"en-US\",\"potentialAction\":[{\"@type\":\"ReadAction\",\"target\":[\"https:\/\/kerimvakfi.org\/en\/sufi-culture-and-music-talks-2\/\"]}]},{\"@type\":\"BreadcrumbList\",\"@id\":\"https:\/\/kerimvakfi.org\/en\/sufi-culture-and-music-talks-2\/#breadcrumb\",\"itemListElement\":[{\"@type\":\"ListItem\",\"position\":1,\"name\":\"Ana sayfa\",\"item\":\"https:\/\/kerimvakfi.org\/en\/\"},{\"@type\":\"ListItem\",\"position\":2,\"name\":\"Sufi Culture and Music Talks-2\"}]},{\"@type\":\"Person\",\"@id\":\"https:\/\/kerimvakfi.org\/#\/schema\/person\/a3aaffb34ba65115b02a18bf4711f650\",\"name\":\"webmaster\",\"image\":{\"@type\":\"ImageObject\",\"@id\":\"https:\/\/kerimvakfi.org\/#personlogo\",\"inLanguage\":\"en-US\",\"url\":\"https:\/\/secure.gravatar.com\/avatar\/07885a8c4ffad97f4d93ff3de29a5992?s=96&d=mm&r=g\",\"contentUrl\":\"https:\/\/secure.gravatar.com\/avatar\/07885a8c4ffad97f4d93ff3de29a5992?s=96&d=mm&r=g\",\"caption\":\"webmaster\"},\"url\":\"https:\/\/kerimvakfi.org\/en\/author\/webmaster\/\"}]}<\/script>\n<!-- \/ Yoast SEO plugin. -->","yoast_head_json":{"title":"Sufi Culture and Music Talks-2 - Kerim Vakf\u0131","robots":{"index":"index","follow":"follow","max-snippet":"max-snippet:-1","max-image-preview":"max-image-preview:large","max-video-preview":"max-video-preview:-1"},"canonical":"https:\/\/kerimvakfi.org\/en\/sufi-culture-and-music-talks-2\/","og_locale":"en_US","og_type":"article","og_title":"Sufi Culture and Music Talks-2 - Kerim Vakf\u0131","og_url":"https:\/\/kerimvakfi.org\/en\/sufi-culture-and-music-talks-2\/","og_site_name":"Kerim Vakf\u0131","article_publisher":"https:\/\/www.facebook.com\/kerimvakfi","article_published_time":"2018-12-05T06:08:03+00:00","article_modified_time":"2024-02-08T11:25:51+00:00","og_image":[{"width":940,"height":607,"url":"https:\/\/kerimvakfi.org\/wp-content\/uploads\/2018\/12\/940x607_tasens_web_banner_Ahmet-Ozhan_72dpi.jpg","type":"image\/jpeg"}],"twitter_card":"summary","twitter_creator":"@kerimvakfi","twitter_site":"@kerimvakfi","twitter_misc":{"Written by":"webmaster","Est. reading time":"2 minutes"},"schema":{"@context":"https:\/\/schema.org","@graph":[{"@type":"WebSite","@id":"https:\/\/kerimvakfi.org\/#website","url":"https:\/\/kerimvakfi.org\/","name":"Kerim Vakf\u0131","description":"Kerim E\u011fitim K\u00fclt\u00fcr ve Sa\u011fl\u0131k Vakf\u0131","potentialAction":[{"@type":"SearchAction","target":{"@type":"EntryPoint","urlTemplate":"https:\/\/kerimvakfi.org\/?s={search_term_string}"},"query-input":"required name=search_term_string"}],"inLanguage":"en-US"},{"@type":"ImageObject","@id":"https:\/\/kerimvakfi.org\/en\/sufi-culture-and-music-talks-2\/#primaryimage","inLanguage":"en-US","url":"https:\/\/i2.wp.com\/kerimvakfi.org\/wp-content\/uploads\/2018\/12\/940x607_tasens_web_banner_Ahmet-Ozhan_72dpi.jpg?fit=940%2C607&ssl=1","contentUrl":"https:\/\/i2.wp.com\/kerimvakfi.org\/wp-content\/uploads\/2018\/12\/940x607_tasens_web_banner_Ahmet-Ozhan_72dpi.jpg?fit=940%2C607&ssl=1","width":940,"height":607},{"@type":"WebPage","@id":"https:\/\/kerimvakfi.org\/en\/sufi-culture-and-music-talks-2\/#webpage","url":"https:\/\/kerimvakfi.org\/en\/sufi-culture-and-music-talks-2\/","name":"Sufi Culture and Music Talks-2 - Kerim Vakf\u0131","isPartOf":{"@id":"https:\/\/kerimvakfi.org\/#website"},"primaryImageOfPage":{"@id":"https:\/\/kerimvakfi.org\/en\/sufi-culture-and-music-talks-2\/#primaryimage"},"datePublished":"2018-12-05T06:08:03+00:00","dateModified":"2024-02-08T11:25:51+00:00","author":{"@id":"https:\/\/kerimvakfi.org\/#\/schema\/person\/a3aaffb34ba65115b02a18bf4711f650"},"breadcrumb":{"@id":"https:\/\/kerimvakfi.org\/en\/sufi-culture-and-music-talks-2\/#breadcrumb"},"inLanguage":"en-US","potentialAction":[{"@type":"ReadAction","target":["https:\/\/kerimvakfi.org\/en\/sufi-culture-and-music-talks-2\/"]}]},{"@type":"BreadcrumbList","@id":"https:\/\/kerimvakfi.org\/en\/sufi-culture-and-music-talks-2\/#breadcrumb","itemListElement":[{"@type":"ListItem","position":1,"name":"Ana sayfa","item":"https:\/\/kerimvakfi.org\/en\/"},{"@type":"ListItem","position":2,"name":"Sufi Culture and Music Talks-2"}]},{"@type":"Person","@id":"https:\/\/kerimvakfi.org\/#\/schema\/person\/a3aaffb34ba65115b02a18bf4711f650","name":"webmaster","image":{"@type":"ImageObject","@id":"https:\/\/kerimvakfi.org\/#personlogo","inLanguage":"en-US","url":"https:\/\/secure.gravatar.com\/avatar\/07885a8c4ffad97f4d93ff3de29a5992?s=96&d=mm&r=g","contentUrl":"https:\/\/secure.gravatar.com\/avatar\/07885a8c4ffad97f4d93ff3de29a5992?s=96&d=mm&r=g","caption":"webmaster"},"url":"https:\/\/kerimvakfi.org\/en\/author\/webmaster\/"}]}},"jetpack_featured_media_url":"https:\/\/i2.wp.com\/kerimvakfi.org\/wp-content\/uploads\/2018\/12\/940x607_tasens_web_banner_Ahmet-Ozhan_72dpi.jpg?fit=940%2C607&ssl=1","_links":{"self":[{"href":"https:\/\/kerimvakfi.org\/en\/wp-json\/wp\/v2\/posts\/26168"}],"collection":[{"href":"https:\/\/kerimvakfi.org\/en\/wp-json\/wp\/v2\/posts"}],"about":[{"href":"https:\/\/kerimvakfi.org\/en\/wp-json\/wp\/v2\/types\/post"}],"author":[{"embeddable":true,"href":"https:\/\/kerimvakfi.org\/en\/wp-json\/wp\/v2\/users\/1"}],"replies":[{"embeddable":true,"href":"https:\/\/kerimvakfi.org\/en\/wp-json\/wp\/v2\/comments?post=26168"}],"version-history":[{"count":1,"href":"https:\/\/kerimvakfi.org\/en\/wp-json\/wp\/v2\/posts\/26168\/revisions"}],"predecessor-version":[{"id":26182,"href":"https:\/\/kerimvakfi.org\/en\/wp-json\/wp\/v2\/posts\/26168\/revisions\/26182"}],"wp:featuredmedia":[{"embeddable":true,"href":"https:\/\/kerimvakfi.org\/en\/wp-json\/wp\/v2\/media\/26177"}],"wp:attachment":[{"href":"https:\/\/kerimvakfi.org\/en\/wp-json\/wp\/v2\/media?parent=26168"}],"wp:term":[{"taxonomy":"category","embeddable":true,"href":"https:\/\/kerimvakfi.org\/en\/wp-json\/wp\/v2\/categories?post=26168"},{"taxonomy":"post_tag","embeddable":true,"href":"https:\/\/kerimvakfi.org\/en\/wp-json\/wp\/v2\/tags?post=26168"}],"curies":[{"name":"wp","href":"https:\/\/api.w.org\/{rel}","templated":true}]}}