{"id":26791,"date":"2017-04-07T14:18:29","date_gmt":"2017-04-07T11:18:29","guid":{"rendered":"https:\/\/kerimvakfi.org\/sufi-and-bach-music-bridge-between-turkey-and-germany\/"},"modified":"2024-02-08T14:26:24","modified_gmt":"2024-02-08T11:26:24","slug":"sufi-and-bach-music-bridge-between-turkey-and-germany","status":"publish","type":"post","link":"https:\/\/kerimvakfi.org\/en\/sufi-and-bach-music-bridge-between-turkey-and-germany\/","title":{"rendered":"Sufi and Bach &#8211; Music Bridge between Turkey and Germany"},"content":{"rendered":"<div class=\"fusion-fullwidth fullwidth-box fusion-builder-row-1 fusion-flex-container hundred-percent-fullwidth non-hundred-percent-height-scrolling\" style=\"background-color: rgba(255,255,255,0);background-position: center center;background-repeat: no-repeat;border-width: 0px 0px 0px 0px;border-color:#eae9e9;border-style:solid;\" ><div class=\"fusion-builder-row fusion-row fusion-flex-align-items-flex-start\" style=\"width:calc( 100% + 0px ) !important;max-width:calc( 100% + 0px ) !important;margin-left: calc(-0px \/ 2 );margin-right: calc(-0px \/ 2 );\"><div class=\"fusion-layout-column fusion_builder_column fusion-builder-column-0 fusion_builder_column_1_1 1_1 fusion-flex-column fusion-flex-align-self-flex-start fusion-column-no-min-height\"><div class=\"fusion-column-wrapper fusion-flex-justify-content-flex-start fusion-content-layout-column\" style=\"background-position:left top;background-repeat:no-repeat;-webkit-background-size:cover;-moz-background-size:cover;-o-background-size:cover;background-size:cover;padding: 0px 0px 0px 0px;\"><div class=\"fusion-text fusion-text-1\" style=\"transform:translate3d(0,0,0);\"><p>The 20th anniversary of Istanbul and Cologne becoming sister cities A concert titled <strong>Sufi and Bach<\/strong> will be organized at \u00dcsk\u00fcdar University on the occasion of the year. The concert, which will be hosted by the Institute of Sufi Studies, will bring together the Sufi Music Ensemble and the Symphony Orchestra on the same stage for the first time at a University.<\/p>\n<p><strong>SUFI AND BACH<\/strong><\/p>\n<p>Friday, April 7 at 20.00<\/p>\n<p>\u00dcsk\u00fcdar University Central Campus, Nermin Tarhan Conference Hall<\/p>\n<p><em>The program will be broadcast live on \u00dcsk\u00fcdar University Television: <a href=\"http:\/\/tv.uskudar.edu.tr\/\" target=\"_blank\" rel=\"noopener\">http:\/\/tv.uskudar.edu.tr\/<\/a><\/em><\/p>\n<p><em>Participation is free of charge.<\/em><\/p>\n<p>To reach the news in the press <strong><br \/>\n  <a href=\"http:\/\/kerimvakfi.org\/wp-content\/uploads\/2017\/04\/MedyaTakipSufiBachHaber.pdf\" target=\"_blank\" rel=\"noopener\">Click here.<\/a><br \/>\n<\/strong><\/p>\n<\/div><div style=\"text-align:center;\"><span class=\" fusion-imageframe imageframe-none imageframe-1 hover-type-none\" style=\"border:1px solid #f2f2f2;\"><img src=\"https:\/\/i1.wp.com\/kerimvakfi.org\/wp-content\/uploads\/2017\/04\/bach-sufi-mailin.jpg?w=1200\" class=\"img-responsive\" data-recalc-dims=\"1\"\/><\/span><\/div><\/div><\/div><style type=\"text\/css\">.fusion-body .fusion-builder-column-0{width:100% !important;margin-top : 0px;margin-bottom : 0px;}.fusion-builder-column-0 > .fusion-column-wrapper {padding-top : 0px !important;padding-right : 0px !important;margin-right : 0px;padding-bottom : 0px !important;padding-left : 0px !important;margin-left : 0px;}@media only screen and (max-width:1024px) {.fusion-body .fusion-builder-column-0{width:100% !important;}.fusion-builder-column-0 > .fusion-column-wrapper {margin-right : 0px;margin-left : 0px;}}@media only screen and (max-width:640px) {.fusion-body .fusion-builder-column-0{width:100% !important;}.fusion-builder-column-0 > .fusion-column-wrapper {margin-right : 0px;margin-left : 0px;}}<\/style><\/div><style type=\"text\/css\">.fusion-fullwidth.fusion-builder-row-1 { overflow:visible; }.fusion-body .fusion-flex-container.fusion-builder-row-1{ padding-top : 0px;margin-top : 0px;padding-right : 0px;padding-bottom : 0px;margin-bottom : 0px;padding-left : 0px;}<\/style><\/div>\n","protected":false},"excerpt":{"rendered":"","protected":false},"author":1,"featured_media":19357,"comment_status":"closed","ping_status":"closed","sticky":false,"template":"","format":"standard","meta":{"spay_email":""},"categories":[6],"tags":[],"yoast_head":"<!-- This site is optimized with the Yoast SEO plugin v18.3 - https:\/\/yoast.com\/wordpress\/plugins\/seo\/ -->\n<title>Sufi and Bach - Music Bridge between Turkey and Germany - Kerim Vakf\u0131<\/title>\n<meta name=\"robots\" content=\"index, follow, max-snippet:-1, max-image-preview:large, max-video-preview:-1\" \/>\n<link rel=\"canonical\" href=\"https:\/\/kerimvakfi.org\/en\/sufi-and-bach-music-bridge-between-turkey-and-germany\/\" \/>\n<meta property=\"og:locale\" content=\"en_US\" \/>\n<meta property=\"og:type\" content=\"article\" \/>\n<meta property=\"og:title\" content=\"Sufi and Bach - Music Bridge between Turkey and Germany - Kerim Vakf\u0131\" \/>\n<meta property=\"og:url\" content=\"https:\/\/kerimvakfi.org\/en\/sufi-and-bach-music-bridge-between-turkey-and-germany\/\" \/>\n<meta property=\"og:site_name\" content=\"Kerim Vakf\u0131\" \/>\n<meta property=\"article:publisher\" content=\"https:\/\/www.facebook.com\/kerimvakfi\" \/>\n<meta property=\"article:published_time\" content=\"2017-04-07T11:18:29+00:00\" \/>\n<meta property=\"article:modified_time\" content=\"2024-02-08T11:26:24+00:00\" \/>\n<meta property=\"og:image\" content=\"https:\/\/kerimvakfi.org\/wp-content\/uploads\/2017\/04\/bach-sufi.png\" \/>\n\t<meta property=\"og:image:width\" content=\"800\" \/>\n\t<meta property=\"og:image:height\" content=\"517\" \/>\n\t<meta property=\"og:image:type\" content=\"image\/png\" \/>\n<meta name=\"twitter:card\" content=\"summary\" \/>\n<meta name=\"twitter:creator\" content=\"@kerimvakfi\" \/>\n<meta name=\"twitter:site\" content=\"@kerimvakfi\" \/>\n<meta name=\"twitter:label1\" content=\"Written by\" \/>\n\t<meta name=\"twitter:data1\" content=\"webmaster\" \/>\n\t<meta name=\"twitter:label2\" content=\"Est. reading time\" \/>\n\t<meta name=\"twitter:data2\" content=\"1 minute\" \/>\n<script type=\"application\/ld+json\" class=\"yoast-schema-graph\">{\"@context\":\"https:\/\/schema.org\",\"@graph\":[{\"@type\":\"WebSite\",\"@id\":\"https:\/\/kerimvakfi.org\/#website\",\"url\":\"https:\/\/kerimvakfi.org\/\",\"name\":\"Kerim Vakf\u0131\",\"description\":\"Kerim E\u011fitim K\u00fclt\u00fcr ve Sa\u011fl\u0131k Vakf\u0131\",\"potentialAction\":[{\"@type\":\"SearchAction\",\"target\":{\"@type\":\"EntryPoint\",\"urlTemplate\":\"https:\/\/kerimvakfi.org\/?s={search_term_string}\"},\"query-input\":\"required name=search_term_string\"}],\"inLanguage\":\"en-US\"},{\"@type\":\"ImageObject\",\"@id\":\"https:\/\/kerimvakfi.org\/en\/sufi-and-bach-music-bridge-between-turkey-and-germany\/#primaryimage\",\"inLanguage\":\"en-US\",\"url\":\"https:\/\/i1.wp.com\/kerimvakfi.org\/wp-content\/uploads\/2017\/04\/bach-sufi.png?fit=800%2C517&ssl=1\",\"contentUrl\":\"https:\/\/i1.wp.com\/kerimvakfi.org\/wp-content\/uploads\/2017\/04\/bach-sufi.png?fit=800%2C517&ssl=1\",\"width\":800,\"height\":517},{\"@type\":\"WebPage\",\"@id\":\"https:\/\/kerimvakfi.org\/en\/sufi-and-bach-music-bridge-between-turkey-and-germany\/#webpage\",\"url\":\"https:\/\/kerimvakfi.org\/en\/sufi-and-bach-music-bridge-between-turkey-and-germany\/\",\"name\":\"Sufi and Bach - Music Bridge between Turkey and Germany - Kerim Vakf\u0131\",\"isPartOf\":{\"@id\":\"https:\/\/kerimvakfi.org\/#website\"},\"primaryImageOfPage\":{\"@id\":\"https:\/\/kerimvakfi.org\/en\/sufi-and-bach-music-bridge-between-turkey-and-germany\/#primaryimage\"},\"datePublished\":\"2017-04-07T11:18:29+00:00\",\"dateModified\":\"2024-02-08T11:26:24+00:00\",\"author\":{\"@id\":\"https:\/\/kerimvakfi.org\/#\/schema\/person\/a3aaffb34ba65115b02a18bf4711f650\"},\"breadcrumb\":{\"@id\":\"https:\/\/kerimvakfi.org\/en\/sufi-and-bach-music-bridge-between-turkey-and-germany\/#breadcrumb\"},\"inLanguage\":\"en-US\",\"potentialAction\":[{\"@type\":\"ReadAction\",\"target\":[\"https:\/\/kerimvakfi.org\/en\/sufi-and-bach-music-bridge-between-turkey-and-germany\/\"]}]},{\"@type\":\"BreadcrumbList\",\"@id\":\"https:\/\/kerimvakfi.org\/en\/sufi-and-bach-music-bridge-between-turkey-and-germany\/#breadcrumb\",\"itemListElement\":[{\"@type\":\"ListItem\",\"position\":1,\"name\":\"Ana sayfa\",\"item\":\"https:\/\/kerimvakfi.org\/en\/\"},{\"@type\":\"ListItem\",\"position\":2,\"name\":\"Sufi and Bach &#8211; Music Bridge between Turkey and Germany\"}]},{\"@type\":\"Person\",\"@id\":\"https:\/\/kerimvakfi.org\/#\/schema\/person\/a3aaffb34ba65115b02a18bf4711f650\",\"name\":\"webmaster\",\"image\":{\"@type\":\"ImageObject\",\"@id\":\"https:\/\/kerimvakfi.org\/#personlogo\",\"inLanguage\":\"en-US\",\"url\":\"https:\/\/secure.gravatar.com\/avatar\/07885a8c4ffad97f4d93ff3de29a5992?s=96&d=mm&r=g\",\"contentUrl\":\"https:\/\/secure.gravatar.com\/avatar\/07885a8c4ffad97f4d93ff3de29a5992?s=96&d=mm&r=g\",\"caption\":\"webmaster\"},\"url\":\"https:\/\/kerimvakfi.org\/en\/author\/webmaster\/\"}]}<\/script>\n<!-- \/ Yoast SEO plugin. -->","yoast_head_json":{"title":"Sufi and Bach - Music Bridge between Turkey and Germany - Kerim Vakf\u0131","robots":{"index":"index","follow":"follow","max-snippet":"max-snippet:-1","max-image-preview":"max-image-preview:large","max-video-preview":"max-video-preview:-1"},"canonical":"https:\/\/kerimvakfi.org\/en\/sufi-and-bach-music-bridge-between-turkey-and-germany\/","og_locale":"en_US","og_type":"article","og_title":"Sufi and Bach - Music Bridge between Turkey and Germany - Kerim Vakf\u0131","og_url":"https:\/\/kerimvakfi.org\/en\/sufi-and-bach-music-bridge-between-turkey-and-germany\/","og_site_name":"Kerim Vakf\u0131","article_publisher":"https:\/\/www.facebook.com\/kerimvakfi","article_published_time":"2017-04-07T11:18:29+00:00","article_modified_time":"2024-02-08T11:26:24+00:00","og_image":[{"width":800,"height":517,"url":"https:\/\/kerimvakfi.org\/wp-content\/uploads\/2017\/04\/bach-sufi.png","type":"image\/png"}],"twitter_card":"summary","twitter_creator":"@kerimvakfi","twitter_site":"@kerimvakfi","twitter_misc":{"Written by":"webmaster","Est. reading time":"1 minute"},"schema":{"@context":"https:\/\/schema.org","@graph":[{"@type":"WebSite","@id":"https:\/\/kerimvakfi.org\/#website","url":"https:\/\/kerimvakfi.org\/","name":"Kerim Vakf\u0131","description":"Kerim E\u011fitim K\u00fclt\u00fcr ve Sa\u011fl\u0131k Vakf\u0131","potentialAction":[{"@type":"SearchAction","target":{"@type":"EntryPoint","urlTemplate":"https:\/\/kerimvakfi.org\/?s={search_term_string}"},"query-input":"required name=search_term_string"}],"inLanguage":"en-US"},{"@type":"ImageObject","@id":"https:\/\/kerimvakfi.org\/en\/sufi-and-bach-music-bridge-between-turkey-and-germany\/#primaryimage","inLanguage":"en-US","url":"https:\/\/i1.wp.com\/kerimvakfi.org\/wp-content\/uploads\/2017\/04\/bach-sufi.png?fit=800%2C517&ssl=1","contentUrl":"https:\/\/i1.wp.com\/kerimvakfi.org\/wp-content\/uploads\/2017\/04\/bach-sufi.png?fit=800%2C517&ssl=1","width":800,"height":517},{"@type":"WebPage","@id":"https:\/\/kerimvakfi.org\/en\/sufi-and-bach-music-bridge-between-turkey-and-germany\/#webpage","url":"https:\/\/kerimvakfi.org\/en\/sufi-and-bach-music-bridge-between-turkey-and-germany\/","name":"Sufi and Bach - Music Bridge between Turkey and Germany - Kerim Vakf\u0131","isPartOf":{"@id":"https:\/\/kerimvakfi.org\/#website"},"primaryImageOfPage":{"@id":"https:\/\/kerimvakfi.org\/en\/sufi-and-bach-music-bridge-between-turkey-and-germany\/#primaryimage"},"datePublished":"2017-04-07T11:18:29+00:00","dateModified":"2024-02-08T11:26:24+00:00","author":{"@id":"https:\/\/kerimvakfi.org\/#\/schema\/person\/a3aaffb34ba65115b02a18bf4711f650"},"breadcrumb":{"@id":"https:\/\/kerimvakfi.org\/en\/sufi-and-bach-music-bridge-between-turkey-and-germany\/#breadcrumb"},"inLanguage":"en-US","potentialAction":[{"@type":"ReadAction","target":["https:\/\/kerimvakfi.org\/en\/sufi-and-bach-music-bridge-between-turkey-and-germany\/"]}]},{"@type":"BreadcrumbList","@id":"https:\/\/kerimvakfi.org\/en\/sufi-and-bach-music-bridge-between-turkey-and-germany\/#breadcrumb","itemListElement":[{"@type":"ListItem","position":1,"name":"Ana sayfa","item":"https:\/\/kerimvakfi.org\/en\/"},{"@type":"ListItem","position":2,"name":"Sufi and Bach &#8211; Music Bridge between Turkey and Germany"}]},{"@type":"Person","@id":"https:\/\/kerimvakfi.org\/#\/schema\/person\/a3aaffb34ba65115b02a18bf4711f650","name":"webmaster","image":{"@type":"ImageObject","@id":"https:\/\/kerimvakfi.org\/#personlogo","inLanguage":"en-US","url":"https:\/\/secure.gravatar.com\/avatar\/07885a8c4ffad97f4d93ff3de29a5992?s=96&d=mm&r=g","contentUrl":"https:\/\/secure.gravatar.com\/avatar\/07885a8c4ffad97f4d93ff3de29a5992?s=96&d=mm&r=g","caption":"webmaster"},"url":"https:\/\/kerimvakfi.org\/en\/author\/webmaster\/"}]}},"jetpack_featured_media_url":"https:\/\/i1.wp.com\/kerimvakfi.org\/wp-content\/uploads\/2017\/04\/bach-sufi.png?fit=800%2C517&ssl=1","_links":{"self":[{"href":"https:\/\/kerimvakfi.org\/en\/wp-json\/wp\/v2\/posts\/26791"}],"collection":[{"href":"https:\/\/kerimvakfi.org\/en\/wp-json\/wp\/v2\/posts"}],"about":[{"href":"https:\/\/kerimvakfi.org\/en\/wp-json\/wp\/v2\/types\/post"}],"author":[{"embeddable":true,"href":"https:\/\/kerimvakfi.org\/en\/wp-json\/wp\/v2\/users\/1"}],"replies":[{"embeddable":true,"href":"https:\/\/kerimvakfi.org\/en\/wp-json\/wp\/v2\/comments?post=26791"}],"version-history":[{"count":1,"href":"https:\/\/kerimvakfi.org\/en\/wp-json\/wp\/v2\/posts\/26791\/revisions"}],"predecessor-version":[{"id":26801,"href":"https:\/\/kerimvakfi.org\/en\/wp-json\/wp\/v2\/posts\/26791\/revisions\/26801"}],"wp:featuredmedia":[{"embeddable":true,"href":"https:\/\/kerimvakfi.org\/en\/wp-json\/wp\/v2\/media\/19357"}],"wp:attachment":[{"href":"https:\/\/kerimvakfi.org\/en\/wp-json\/wp\/v2\/media?parent=26791"}],"wp:term":[{"taxonomy":"category","embeddable":true,"href":"https:\/\/kerimvakfi.org\/en\/wp-json\/wp\/v2\/categories?post=26791"},{"taxonomy":"post_tag","embeddable":true,"href":"https:\/\/kerimvakfi.org\/en\/wp-json\/wp\/v2\/tags?post=26791"}],"curies":[{"name":"wp","href":"https:\/\/api.w.org\/{rel}","templated":true}]}}