{"id":26832,"date":"2016-03-13T21:43:12","date_gmt":"2016-03-13T19:43:12","guid":{"rendered":"https:\/\/kerimvakfi.org\/we-will-defeat-islamophobia-with-sufism\/"},"modified":"2024-02-08T14:26:05","modified_gmt":"2024-02-08T11:26:05","slug":"we-will-defeat-islamophobia-with-sufism","status":"publish","type":"post","link":"https:\/\/kerimvakfi.org\/en\/we-will-defeat-islamophobia-with-sufism\/","title":{"rendered":"We will defeat Islamophobia with Sufism"},"content":{"rendered":"<div class=\"fusion-fullwidth fullwidth-box fusion-builder-row-1 fusion-flex-container hundred-percent-fullwidth non-hundred-percent-height-scrolling\" style=\"background-color: rgba(255,255,255,0);background-position: center center;background-repeat: no-repeat;border-width: 0px 0px 0px 0px;border-color:#eae9e9;border-style:solid;\" ><div class=\"fusion-builder-row fusion-row fusion-flex-align-items-flex-start\" style=\"width:104% !important;max-width:104% !important;margin-left: calc(-4% \/ 2 );margin-right: calc(-4% \/ 2 );\"><div class=\"fusion-layout-column fusion_builder_column fusion-builder-column-0 fusion_builder_column_1_1 1_1 fusion-flex-column fusion-flex-align-self-flex-start fusion-column-no-min-height\"><div class=\"fusion-column-wrapper fusion-flex-justify-content-flex-start fusion-content-layout-column\" style=\"background-position:left top;background-repeat:no-repeat;-webkit-background-size:cover;-moz-background-size:cover;-o-background-size:cover;background-size:cover;padding: 0px 0px 0px 0px;\"><div class=\"fusion-text fusion-text-1\" style=\"transform:translate3d(0,0,0);\"><div class=\"image\">\n<h4>Prof. Dr. Kenan Rifai, Director of the Kenan Rifai Center for Sufi Studies, which will serve within Kyoto University. Yasushi Tonaga says that he specifically sends his students to Turkey to study Sufism, adding: &#8220;I want to show the true face of Islam through the example of Turkish Islam based on Sufism against Islamophobia.&#8221;<\/h4>\n<p>With the initiatives of Turkish Women&#8217;s Cultural Association (T\u00dcRKKAD) and Kerim Foundation, Kenan Rifai Sufi Research Center was opened at Kyoto University in Japan after the USA and China. Last week, we attended the official opening in Kyoto, Japan. Kyoto University is known for its scientific work and Nobel prizes. The Kenan Rifai Center, which was established within the Islamic Institute Department with the initiative of T\u00dcRKKAD and Kerim Foundation, aims to make its name known to the world with its research on Islamic mysticism within the same university. The director of the Center is Prof. Dr. Dr. K. K., who is a faculty member of the Faculty of Asian and African Studies at Kyoto University and also conducts his research at the Center for Islamic Studies of the same university. Yasushi Tonaga was brought in. Tonaga first sends his students who want to study Islamic mysticism to Turkey. &#8220;In order to understand Islamic culture well, it is necessary to know Ottoman sources well,&#8221; he explains. Most of the academics attending the ceremony have worked in Turkey and are fluent in Turkish. &#8220;If our new center succeeds in informing the general Japanese public about the other side of Islam, namely Islamic Sufism, they will see Islam in a different light and change the current image of Islam,&#8221; Tonaga says, adding that they want to explain to the Japanese public that Islam is a religion of peace, not terrorism and violence against Islamophobia. We talked to Tonaga about his Sufi journey, Turkish Sufi studies, the newly opened Kenan Rifai Center and Islamophobia.<\/p>\n<p><strong>Let&#8217;s start here first. How did your interest in Sufism begin?<\/strong><br \/>\nMy interest in Sufism started in my first year at university. I was also impressed by a book by Toshihiko Izutsu on Ibn Arabi and his ideology.<\/p>\n<p><strong>Were you influenced by Izutsu and you started to study Ibn Arabi?<\/strong><br \/>\nYes.<\/p>\n<p><strong>I WANT TO COMPARE MY BUDDHISM WITH SUFISM<\/strong><\/p>\n<p>Were you only academically interested or were you also personally interested in Sufism?<br \/>\nUnfortunately, I do not identify myself as a Sufi. I am very interested in Sufi thought, but not only Islamic Sufism, but mysticism in general, all kinds of mysticism known in the world. Professor Izutzu was likewise interested in mysticism in general, especially mysticism in the East, the oriental mysticism. For him, Islam meant Sufism. While doing these studies, he wanted to create his own oriental philosophy under the name of &#8220;Izutsu Orientalism&#8221;. It was an oriental philosophy that included Taoism, Buddhism, Zen mysticism and various mysticism trends of Buddhism and Indian mysticism and so on. I want to follow his way of thinking as much as possible. In this new center we have opened, I would like to do a study on the comparison of various mysticism trends, not only Sufism, but also Islamic Sufism and Buddhist mysticism, for example.<\/p>\n<p>&nbsp;<\/p>\n<div class=\"image \">\n<div class=\"pattern \"><\/div>\n<p><img src=\"http:\/\/i0.wp.com\/image.yenisafak.com\/resim\/imagecrop\/2016\/03\/12\/09\/33\/resized_09a2b-5032ed8641.jpg?w=1500\" alt=\"\" width=\"680\" height=\"352\"><\/p>\n<\/div>\n<p><strong><br \/>\nTHE OTTOMAN PERIOD IS VERY IMPORTANT<\/strong><\/p>\n<p><strong>How did your connection with Turkey begin?<\/strong><br \/>\nI studied at Cairo University from 1986 to 1988. In the meantime, I came to see Turkey in 1987. At that moment I realized that the Ottoman period was very important for Islamic culture, but I did not know enough about it and decided to research Islamic civilization in the Ottoman period and mysticism in Islam.<\/p>\n<p><strong>How long did you do research in Turkey?<\/strong><br \/>\nAs I mentioned before, I first came to Turkey in 1987. Then I came back in 1991 and then a few more times. I also came back in 2002 and stayed in \u00dcsk\u00fcdar, Istanbul for six months. Since then, I started to stay in Istanbul for a month every year in the summer.<\/p>\n<p><strong>MANUSCRIPTS SPARKED MY INTEREST IN SUFISM<\/strong><\/p>\n<p><strong>You used documents for your work. Especially Ottoman texts. How did these contribute to your work?<\/strong><br \/>\nI first started my research on Islamic civilization with Arabic and Persian. These are important for Turkish culture. I found many manuscripts in the S\u00fcleymaniye Library. These were not only in Arabic and Persian, but also included many Ottoman manuscripts. These manuscripts made me want to do research on Sufism.<\/p>\n<div class=\"image \">\n<div class=\"pattern \"><\/div>\n<p><img src=\"http:\/\/i0.wp.com\/image.yenisafak.com\/resim\/imagecrop\/2016\/03\/12\/09\/33\/resized_b97ef-c37cf141dscf3435.jpg?w=1500\" alt=\"\" width=\"680\" height=\"393\"><\/p>\n<\/div>\n<p><strong><br \/>\nHow did you come up with the idea of opening a Chair of Sufism at Kyoto University?<\/strong><br \/>\nI am very happy to have opened the Kenan Rifai Center for Sufi Studies at Kyoto University in Japan for Sufi studies. Kyoto University has a long history of studying mysticism, especially Far Eastern mysticism, such as Buddhism, Taoism, and so on. However, new trends in Islamic mysticism are being studied. So I believe that the opening of this Sufi research center at Kyoto University is a very important milestone for Sufi studies in Japan and the Far East.<\/p>\n<p><strong>THE TRUE FACE OF ISLAM MUST BE SHOWN<\/strong><\/p>\n<p><strong>Will the studies on Islam in this center contribute to preventing Islamophobia in the world? What do you think about that?<\/strong><br \/>\nThere is no extreme Islamophobia in Japan like in Europe or America. But because of terrorism, the Japanese have a very negative view of Islam in general. But I think there are several kinds of Islam. One is radical Islam, which is very terror-oriented. But I think traditional Islam in Turkey is very different from this kind of Islam. And I think this is connected to the tradition of Sufism and tariqa. I want to show the true face of Islam with the example of Turkish Islam based on Sufism. Islamophobia is not very high in Japan. That&#8217;s why we are lucky. But the general level of Japanese knowledge about Islam is also very low. So our view of Islam is very biased. Therefore, if our new center can succeed in informing the general Japanese public about the other side of Islam, namely Sufi Islam, they will see Islam in a different light and change the current image of Islam.<\/p>\n<p><strong>When we look at the Middle East, there is war and violence between Islamic countries. Again, recently Islam has become synonymous with ISIS. Do you find it difficult to explain Islam to Japanese people?<\/strong><br \/>\nThis is difficult for us Japanese who specialize in Sufism. It is not easy to explain to the general Japanese public that Islam does not have radicalism or violence at its core. We have many opportunities to talk to these people not only in the university but also in seminars outside the university. We explain to them that Islam is essentially a religion of peace and love and that it is based on Sufism. But one day, right after one of my seminars, there was a bomb incident. So everything I wanted to tell the Japanese people was turned upside down by that terrorist incident. It is a very sad situation, but I believe that we should continue to strive to improve the Japanese people&#8217;s view of Islam.<\/p>\n<div class=\"image \">\n<div class=\"pattern \"><\/div>\n<p><img src=\"http:\/\/i0.wp.com\/image.yenisafak.com\/resim\/imagecrop\/2016\/03\/12\/09\/34\/resized_701c7-014bf1d9dscf3297.jpg?w=1500\" alt=\"\" width=\"680\" height=\"379\"><\/p>\n<\/div>\n<p><strong><br \/>\nI was the first Japanese to study Sufism in the Ottoman Empire<\/strong><\/p>\n<p><strong>There are many academics from Japan coming to Turkey. Many of these scholars work on the Ottoman archives in S\u00fcleymaniye. But when we look at the two countries, they are very far apart. What do you think is the reason for this interest?<\/strong><br \/>\nIt is true that many Japanese scholars have worked on Ottoman archives and in the S\u00fcleymaniye Library. But Japanese academics before me were coming to Istanbul to study Ottoman history. Not to study Islamic thought, especially Sufism. I was probably the first Japanese to do research on this topic in the archives at Suleymaniye, but many young people have followed in my footsteps and are collecting information from the Ottoman manuscripts at Suleymaniye. There is now a growing number of Japanese scholars interested in Ottoman archives on Sufism.<\/p>\n<p><strong>Half of my students are interested in Turkish mysticism<\/strong><\/p>\n<p><strong>How many students have you trained so far, in which fields of Sufism have they studied?<\/strong><br \/>\nThe school has three postgraduate departments. One of these three departments is our department and there are three departments in this department. One of these departments is Islamic World Studies. We only provide postgraduate education, not undergraduate education. And every year we select only three students for this postgraduate study. So every year I select one or two students for Sufi studies. Some of them are interested in Arab mysticism and some in Iranian mysticism.<\/p>\n<p><strong>You direct more of your students to Turkey, what is the reason for this?<\/strong><br \/>\nRecently, about half of my students are interested in Turkish Sufism, Ottoman Sufism and Sufism in modern Turkey. We have various programs to send our students to foreign countries. One of these countries in particular is Turkey. For this reason, every year my students are in Turkey for a few months and in some cases even for a year or two. Here they either carry out fieldwork or spend their time in libraries and archives.<\/p>\n<p><strong>Turkish academia has a place above our heads<\/strong><\/p>\n<p><strong>The Kenan Rifai Institute has been established and you are the head of it. What will be done in this center from now on? What will be its contribution to Islam, its contribution to Sufism?<\/strong><br \/>\nBefore I left for Turkey last summer, I was informed that the Karim Foundation in Japan intended to open a center on Sufism at Kyoto University. In August 2015, I had the opportunity to stay in Istanbul for a month in the summer. At that time, I also had several opportunities to meet with the Kerim Foundation. In one of our meetings, we agreed on the establishment of the center and then we continued our talks. In November 2015, we decided to establish the Kenan Rifai Center for Sufi Studies. That&#8217;s when we opened the preparatory office. In March 2016, we invited around 50 distinguished Turkish guests to Kyoto University and held a very exciting opening ceremony for our center.<\/p>\n<p><strong>WE WANT TO BUILD BRIDGES<\/strong><\/p>\n<p>In the future, I want it to become a center for Sufi studies in Asia and especially in the Far East, southeast Asia, east Asia, etc. We also want our center to serve as a bridge between the Far East and the Middle East. So I would like to send many of my students to Turkey to research Sufism, not only Sufism in modern Turkey, but also Sufism in the Ottoman period. We also welcome Turkish students and academics to come to Kyoto University to give seminars or to study.<\/p>\n<p><a href=\"http:\/\/www.yenisafak.com\/hayat\/islamofobiyi-tasavvufla-yenecegiz-2432790\" target=\"_blank\" rel=\"noopener\">http:\/\/www.yenisafak.com\/hayat\/islamofobiyi-tasavvufla-yenecegiz-2432790<\/a><\/p>\n<\/div>\n<div class=\"txt\"><\/div>\n<\/div><\/div><\/div><style type=\"text\/css\">.fusion-body .fusion-builder-column-0{width:100% !important;margin-top : 0px;margin-bottom : 0px;}.fusion-builder-column-0 > .fusion-column-wrapper {padding-top : 0px !important;padding-right : 0px !important;margin-right : 1.92%;padding-bottom : 0px !important;padding-left : 0px !important;margin-left : 1.92%;}@media only screen and (max-width:1024px) {.fusion-body .fusion-builder-column-0{width:100% !important;}.fusion-builder-column-0 > .fusion-column-wrapper {margin-right : 1.92%;margin-left : 1.92%;}}@media only screen and (max-width:640px) {.fusion-body .fusion-builder-column-0{width:100% !important;}.fusion-builder-column-0 > .fusion-column-wrapper {margin-right : 1.92%;margin-left : 1.92%;}}<\/style><\/div><style type=\"text\/css\">.fusion-fullwidth.fusion-builder-row-1 { overflow:visible; }.fusion-body .fusion-flex-container.fusion-builder-row-1{ padding-top : 0px;margin-top : 0px;padding-right : 0px;padding-bottom : 0px;margin-bottom : 0px;padding-left : 0px;}<\/style><\/div>\n","protected":false},"excerpt":{"rendered":"","protected":false},"author":1,"featured_media":26833,"comment_status":"closed","ping_status":"closed","sticky":false,"template":"","format":"standard","meta":{"spay_email":""},"categories":[6],"tags":[],"yoast_head":"<!-- This site is optimized with the Yoast SEO plugin v18.3 - https:\/\/yoast.com\/wordpress\/plugins\/seo\/ -->\n<title>We will defeat Islamophobia with Sufism - Kerim Vakf\u0131<\/title>\n<meta name=\"robots\" content=\"index, follow, max-snippet:-1, max-image-preview:large, max-video-preview:-1\" \/>\n<link rel=\"canonical\" href=\"https:\/\/kerimvakfi.org\/en\/we-will-defeat-islamophobia-with-sufism\/\" \/>\n<meta property=\"og:locale\" content=\"en_US\" \/>\n<meta property=\"og:type\" content=\"article\" \/>\n<meta property=\"og:title\" content=\"We will defeat Islamophobia with Sufism - Kerim Vakf\u0131\" \/>\n<meta property=\"og:url\" content=\"https:\/\/kerimvakfi.org\/en\/we-will-defeat-islamophobia-with-sufism\/\" \/>\n<meta property=\"og:site_name\" content=\"Kerim Vakf\u0131\" \/>\n<meta property=\"article:publisher\" content=\"https:\/\/www.facebook.com\/kerimvakfi\" \/>\n<meta property=\"article:published_time\" content=\"2016-03-13T19:43:12+00:00\" \/>\n<meta property=\"article:modified_time\" content=\"2024-02-08T11:26:05+00:00\" \/>\n<meta property=\"og:image\" content=\"https:\/\/kerimvakfi.org\/wp-content\/uploads\/2016\/03\/haber5_I\u0307slamofobiyi-Tasavvufla-Yenecegiz.png\" \/>\n\t<meta property=\"og:image:width\" content=\"940\" \/>\n\t<meta property=\"og:image:height\" content=\"607\" \/>\n\t<meta property=\"og:image:type\" content=\"image\/png\" \/>\n<meta name=\"twitter:card\" content=\"summary\" \/>\n<meta name=\"twitter:creator\" content=\"@kerimvakfi\" \/>\n<meta name=\"twitter:site\" content=\"@kerimvakfi\" \/>\n<meta name=\"twitter:label1\" content=\"Written by\" \/>\n\t<meta name=\"twitter:data1\" content=\"webmaster\" \/>\n\t<meta name=\"twitter:label2\" content=\"Est. reading time\" \/>\n\t<meta name=\"twitter:data2\" content=\"9 minutes\" \/>\n<script type=\"application\/ld+json\" class=\"yoast-schema-graph\">{\"@context\":\"https:\/\/schema.org\",\"@graph\":[{\"@type\":\"WebSite\",\"@id\":\"https:\/\/kerimvakfi.org\/#website\",\"url\":\"https:\/\/kerimvakfi.org\/\",\"name\":\"Kerim Vakf\u0131\",\"description\":\"Kerim E\u011fitim K\u00fclt\u00fcr ve Sa\u011fl\u0131k Vakf\u0131\",\"potentialAction\":[{\"@type\":\"SearchAction\",\"target\":{\"@type\":\"EntryPoint\",\"urlTemplate\":\"https:\/\/kerimvakfi.org\/?s={search_term_string}\"},\"query-input\":\"required name=search_term_string\"}],\"inLanguage\":\"en-US\"},{\"@type\":\"ImageObject\",\"@id\":\"https:\/\/kerimvakfi.org\/en\/we-will-defeat-islamophobia-with-sufism\/#primaryimage\",\"inLanguage\":\"en-US\",\"url\":\"https:\/\/i1.wp.com\/kerimvakfi.org\/wp-content\/uploads\/2016\/03\/haber5_I\u0307slamofobiyi-Tasavvufla-Yenecegiz.png?fit=940%2C607&ssl=1\",\"contentUrl\":\"https:\/\/i1.wp.com\/kerimvakfi.org\/wp-content\/uploads\/2016\/03\/haber5_I\u0307slamofobiyi-Tasavvufla-Yenecegiz.png?fit=940%2C607&ssl=1\",\"width\":940,\"height\":607},{\"@type\":\"WebPage\",\"@id\":\"https:\/\/kerimvakfi.org\/en\/we-will-defeat-islamophobia-with-sufism\/#webpage\",\"url\":\"https:\/\/kerimvakfi.org\/en\/we-will-defeat-islamophobia-with-sufism\/\",\"name\":\"We will defeat Islamophobia with Sufism - Kerim Vakf\u0131\",\"isPartOf\":{\"@id\":\"https:\/\/kerimvakfi.org\/#website\"},\"primaryImageOfPage\":{\"@id\":\"https:\/\/kerimvakfi.org\/en\/we-will-defeat-islamophobia-with-sufism\/#primaryimage\"},\"datePublished\":\"2016-03-13T19:43:12+00:00\",\"dateModified\":\"2024-02-08T11:26:05+00:00\",\"author\":{\"@id\":\"https:\/\/kerimvakfi.org\/#\/schema\/person\/a3aaffb34ba65115b02a18bf4711f650\"},\"breadcrumb\":{\"@id\":\"https:\/\/kerimvakfi.org\/en\/we-will-defeat-islamophobia-with-sufism\/#breadcrumb\"},\"inLanguage\":\"en-US\",\"potentialAction\":[{\"@type\":\"ReadAction\",\"target\":[\"https:\/\/kerimvakfi.org\/en\/we-will-defeat-islamophobia-with-sufism\/\"]}]},{\"@type\":\"BreadcrumbList\",\"@id\":\"https:\/\/kerimvakfi.org\/en\/we-will-defeat-islamophobia-with-sufism\/#breadcrumb\",\"itemListElement\":[{\"@type\":\"ListItem\",\"position\":1,\"name\":\"Ana sayfa\",\"item\":\"https:\/\/kerimvakfi.org\/en\/\"},{\"@type\":\"ListItem\",\"position\":2,\"name\":\"We will defeat Islamophobia with Sufism\"}]},{\"@type\":\"Person\",\"@id\":\"https:\/\/kerimvakfi.org\/#\/schema\/person\/a3aaffb34ba65115b02a18bf4711f650\",\"name\":\"webmaster\",\"image\":{\"@type\":\"ImageObject\",\"@id\":\"https:\/\/kerimvakfi.org\/#personlogo\",\"inLanguage\":\"en-US\",\"url\":\"https:\/\/secure.gravatar.com\/avatar\/07885a8c4ffad97f4d93ff3de29a5992?s=96&d=mm&r=g\",\"contentUrl\":\"https:\/\/secure.gravatar.com\/avatar\/07885a8c4ffad97f4d93ff3de29a5992?s=96&d=mm&r=g\",\"caption\":\"webmaster\"},\"url\":\"https:\/\/kerimvakfi.org\/en\/author\/webmaster\/\"}]}<\/script>\n<!-- \/ Yoast SEO plugin. -->","yoast_head_json":{"title":"We will defeat Islamophobia with Sufism - Kerim Vakf\u0131","robots":{"index":"index","follow":"follow","max-snippet":"max-snippet:-1","max-image-preview":"max-image-preview:large","max-video-preview":"max-video-preview:-1"},"canonical":"https:\/\/kerimvakfi.org\/en\/we-will-defeat-islamophobia-with-sufism\/","og_locale":"en_US","og_type":"article","og_title":"We will defeat Islamophobia with Sufism - Kerim Vakf\u0131","og_url":"https:\/\/kerimvakfi.org\/en\/we-will-defeat-islamophobia-with-sufism\/","og_site_name":"Kerim Vakf\u0131","article_publisher":"https:\/\/www.facebook.com\/kerimvakfi","article_published_time":"2016-03-13T19:43:12+00:00","article_modified_time":"2024-02-08T11:26:05+00:00","og_image":[{"width":940,"height":607,"url":"https:\/\/kerimvakfi.org\/wp-content\/uploads\/2016\/03\/haber5_I\u0307slamofobiyi-Tasavvufla-Yenecegiz.png","type":"image\/png"}],"twitter_card":"summary","twitter_creator":"@kerimvakfi","twitter_site":"@kerimvakfi","twitter_misc":{"Written by":"webmaster","Est. reading time":"9 minutes"},"schema":{"@context":"https:\/\/schema.org","@graph":[{"@type":"WebSite","@id":"https:\/\/kerimvakfi.org\/#website","url":"https:\/\/kerimvakfi.org\/","name":"Kerim Vakf\u0131","description":"Kerim E\u011fitim K\u00fclt\u00fcr ve Sa\u011fl\u0131k Vakf\u0131","potentialAction":[{"@type":"SearchAction","target":{"@type":"EntryPoint","urlTemplate":"https:\/\/kerimvakfi.org\/?s={search_term_string}"},"query-input":"required name=search_term_string"}],"inLanguage":"en-US"},{"@type":"ImageObject","@id":"https:\/\/kerimvakfi.org\/en\/we-will-defeat-islamophobia-with-sufism\/#primaryimage","inLanguage":"en-US","url":"https:\/\/i1.wp.com\/kerimvakfi.org\/wp-content\/uploads\/2016\/03\/haber5_I\u0307slamofobiyi-Tasavvufla-Yenecegiz.png?fit=940%2C607&ssl=1","contentUrl":"https:\/\/i1.wp.com\/kerimvakfi.org\/wp-content\/uploads\/2016\/03\/haber5_I\u0307slamofobiyi-Tasavvufla-Yenecegiz.png?fit=940%2C607&ssl=1","width":940,"height":607},{"@type":"WebPage","@id":"https:\/\/kerimvakfi.org\/en\/we-will-defeat-islamophobia-with-sufism\/#webpage","url":"https:\/\/kerimvakfi.org\/en\/we-will-defeat-islamophobia-with-sufism\/","name":"We will defeat Islamophobia with Sufism - Kerim Vakf\u0131","isPartOf":{"@id":"https:\/\/kerimvakfi.org\/#website"},"primaryImageOfPage":{"@id":"https:\/\/kerimvakfi.org\/en\/we-will-defeat-islamophobia-with-sufism\/#primaryimage"},"datePublished":"2016-03-13T19:43:12+00:00","dateModified":"2024-02-08T11:26:05+00:00","author":{"@id":"https:\/\/kerimvakfi.org\/#\/schema\/person\/a3aaffb34ba65115b02a18bf4711f650"},"breadcrumb":{"@id":"https:\/\/kerimvakfi.org\/en\/we-will-defeat-islamophobia-with-sufism\/#breadcrumb"},"inLanguage":"en-US","potentialAction":[{"@type":"ReadAction","target":["https:\/\/kerimvakfi.org\/en\/we-will-defeat-islamophobia-with-sufism\/"]}]},{"@type":"BreadcrumbList","@id":"https:\/\/kerimvakfi.org\/en\/we-will-defeat-islamophobia-with-sufism\/#breadcrumb","itemListElement":[{"@type":"ListItem","position":1,"name":"Ana sayfa","item":"https:\/\/kerimvakfi.org\/en\/"},{"@type":"ListItem","position":2,"name":"We will defeat Islamophobia with Sufism"}]},{"@type":"Person","@id":"https:\/\/kerimvakfi.org\/#\/schema\/person\/a3aaffb34ba65115b02a18bf4711f650","name":"webmaster","image":{"@type":"ImageObject","@id":"https:\/\/kerimvakfi.org\/#personlogo","inLanguage":"en-US","url":"https:\/\/secure.gravatar.com\/avatar\/07885a8c4ffad97f4d93ff3de29a5992?s=96&d=mm&r=g","contentUrl":"https:\/\/secure.gravatar.com\/avatar\/07885a8c4ffad97f4d93ff3de29a5992?s=96&d=mm&r=g","caption":"webmaster"},"url":"https:\/\/kerimvakfi.org\/en\/author\/webmaster\/"}]}},"jetpack_featured_media_url":"https:\/\/i1.wp.com\/kerimvakfi.org\/wp-content\/uploads\/2016\/03\/haber5_I\u0307slamofobiyi-Tasavvufla-Yenecegiz.png?fit=940%2C607&ssl=1","_links":{"self":[{"href":"https:\/\/kerimvakfi.org\/en\/wp-json\/wp\/v2\/posts\/26832"}],"collection":[{"href":"https:\/\/kerimvakfi.org\/en\/wp-json\/wp\/v2\/posts"}],"about":[{"href":"https:\/\/kerimvakfi.org\/en\/wp-json\/wp\/v2\/types\/post"}],"author":[{"embeddable":true,"href":"https:\/\/kerimvakfi.org\/en\/wp-json\/wp\/v2\/users\/1"}],"replies":[{"embeddable":true,"href":"https:\/\/kerimvakfi.org\/en\/wp-json\/wp\/v2\/comments?post=26832"}],"version-history":[{"count":1,"href":"https:\/\/kerimvakfi.org\/en\/wp-json\/wp\/v2\/posts\/26832\/revisions"}],"predecessor-version":[{"id":26836,"href":"https:\/\/kerimvakfi.org\/en\/wp-json\/wp\/v2\/posts\/26832\/revisions\/26836"}],"wp:featuredmedia":[{"embeddable":true,"href":"https:\/\/kerimvakfi.org\/en\/wp-json\/wp\/v2\/media\/26833"}],"wp:attachment":[{"href":"https:\/\/kerimvakfi.org\/en\/wp-json\/wp\/v2\/media?parent=26832"}],"wp:term":[{"taxonomy":"category","embeddable":true,"href":"https:\/\/kerimvakfi.org\/en\/wp-json\/wp\/v2\/categories?post=26832"},{"taxonomy":"post_tag","embeddable":true,"href":"https:\/\/kerimvakfi.org\/en\/wp-json\/wp\/v2\/tags?post=26832"}],"curies":[{"name":"wp","href":"https:\/\/api.w.org\/{rel}","templated":true}]}}